{"id":137557,"date":"2019-11-24T07:10:12","date_gmt":"2019-11-24T10:10:12","guid":{"rendered":"http:\/\/www.caririemacao.com\/1\/?p=137557"},"modified":"2019-11-23T20:11:33","modified_gmt":"2019-11-23T23:11:33","slug":"moro-vai-ao-senado-debater-projeto-que-permite-prisao-em-segunda-instancia","status":"publish","type":"post","link":"https:\/\/www.caririemacao.com\/1\/2019\/11\/24\/moro-vai-ao-senado-debater-projeto-que-permite-prisao-em-segunda-instancia\/","title":{"rendered":"Moro vai ao Senado debater projeto que permite pris\u00e3o em segunda inst\u00e2ncia"},"content":{"rendered":"\n<p><br>Oministro da Justi\u00e7a, Sergio Moro, \u00e9 um dos convidados de audi\u00eancia p\u00fablica da Comiss\u00e3o de Constitui\u00e7\u00e3o e Justi\u00e7a (CCJ) para debater o projeto que estabelece a pris\u00e3o de condenados ap\u00f3s decis\u00e3o em segunda inst\u00e2ncia (PLS 166\/2018). O debate, marcado para come\u00e7ar \u00e0s 10h, na ter\u00e7a-feira (26), ocorrer\u00e1 na v\u00e9spera da vota\u00e7\u00e3o da proposta na CCJ.<\/p>\n\n\n\n<p>Al\u00e9m de Moro, s\u00e3o esperadas as presen\u00e7as do jurista Ives Gandra da Silva Martins, do defensor p\u00fablico-geral do Rio de Janeiro Rodrigo Baptista Pacheco e do presidente do Conselho Federal da Ordem dos Advogados do Brasil (OAB), Felipe Santa Cruz Scaletsky.<\/p>\n\n\n\n<p>Tamb\u00e9m foram convidados para a audi\u00eancia o ministro do Superior Tribunal de Justi\u00e7a (STJ) Herman Benjamin e o chefe da Assessoria de Assuntos Legislativos do Minist\u00e9rio da Justi\u00e7a e Seguran\u00e7a P\u00fablica, Vladmir de Freitas.<\/p>\n\n\n\n<p>A relatora do projeto, senador Ju\u00edza Selma (Podemos-MT), apresentou relat\u00f3rio favor\u00e1vel \u00e0 proposta na \u00faltima quarta-feira (20) nos termos de um substitutivo. O texto, que altera o C\u00f3digo de Processo Penal (CPP), foi elaborado ap\u00f3s articula\u00e7\u00e3o entre alguns senadores e o ministro Sergio Moro.<\/p>\n\n\n\n<figure class=\"wp-block-image\"><img decoding=\"async\" data-src=\"https:\/\/paraibaonline.com.br\/wp-content\/uploads\/2019\/11\/moro-567x376.jpg\" alt=\"Foto: Pedro Fran\u00e7a\/Ag\u00eancia Senado\" class=\"wp-image-820886 lazyload\" src=\"data:image\/svg+xml;base64,PHN2ZyB3aWR0aD0iMSIgaGVpZ2h0PSIxIiB4bWxucz0iaHR0cDovL3d3dy53My5vcmcvMjAwMC9zdmciPjwvc3ZnPg==\" style=\"--smush-placeholder-width: 567px; --smush-placeholder-aspect-ratio: 567\/376;\" \/><\/figure>\n\n\n\n<p>Foto: Pedro Fran\u00e7a\/Ag\u00eancia Senado<\/p>\n\n\n\n<p>Atualmente, o artigo 283 do CPP prev\u00ea que que a pris\u00e3o s\u00f3 poder\u00e1 ocorrer \u201cem decorr\u00eancia de senten\u00e7a condenat\u00f3ria transitada em julgado\u201d ou, durante a investiga\u00e7\u00e3o ou processo, de forma cautelar \u2013 tempor\u00e1ria ou preventiva.<\/p>\n\n\n\n<p>Na vers\u00e3o apresentada no colegiado, essa pris\u00e3o poderia acontecer \u201cem decorr\u00eancia de condena\u00e7\u00e3o criminal por \u00f3rg\u00e3o colegiado ou em virtude de pris\u00e3o tempor\u00e1ria ou preventiva\u201d.<\/p>\n\n\n\n<p>O projeto tamb\u00e9m altera a reda\u00e7\u00e3o de outros trechos do CCP para permitir que o tribunal determine execu\u00e7\u00e3o provis\u00f3ria de penas privativas de liberdade sem preju\u00edzo do conhecimento de recursos que venham a ser apresentados. Na pr\u00e1tica, isso abre a possibilidade para a pris\u00e3o ap\u00f3s condena\u00e7\u00e3o em segunda inst\u00e2ncia.<\/p>\n\n\n\n<p>O texto tem car\u00e1ter terminativo, o que significa que, se aprovado, ele poderia seguir diretamente para a C\u00e2mara dos Deputados. Mas, como foi apresentado um substitutivo ao projeto, do senador Lasier Martins (Podemos-RS), mesmo se aprovado na quarta, ele ter\u00e1 que passar por turno suplementar de vota\u00e7\u00e3o.<\/p>\n\n\n\n<p>A presidente da CCJ, Simone Tebet (MDB-RS), tamb\u00e9m sinalizou que a proposta, por sua complexidade, dever\u00e1 ser submetida \u00e0 vota\u00e7\u00e3o no Plen\u00e1rio do Senado.<br><\/p>\n","protected":false},"excerpt":{"rendered":"<p>Oministro da Justi\u00e7a, Sergio Moro, \u00e9 um dos convidados de audi\u00eancia p\u00fablica da Comiss\u00e3o de Constitui\u00e7\u00e3o e Justi\u00e7a (CCJ) para debater o projeto que estabelece&hellip; <\/p>\n","protected":false},"author":1,"featured_media":123663,"comment_status":"closed","ping_status":"closed","sticky":false,"template":"","format":"standard","meta":{"sfsi_plus_gutenberg_text_before_share":"","sfsi_plus_gutenberg_show_text_before_share":"","sfsi_plus_gutenberg_icon_type":"","sfsi_plus_gutenberg_icon_alignemt":"","sfsi_plus_gutenburg_max_per_row":"","footnotes":""},"categories":[11],"tags":[],"class_list":["post-137557","post","type-post","status-publish","format-standard","has-post-thumbnail","hentry","category-politica"],"_links":{"self":[{"href":"https:\/\/www.caririemacao.com\/1\/wp-json\/wp\/v2\/posts\/137557","targetHints":{"allow":["GET"]}}],"collection":[{"href":"https:\/\/www.caririemacao.com\/1\/wp-json\/wp\/v2\/posts"}],"about":[{"href":"https:\/\/www.caririemacao.com\/1\/wp-json\/wp\/v2\/types\/post"}],"author":[{"embeddable":true,"href":"https:\/\/www.caririemacao.com\/1\/wp-json\/wp\/v2\/users\/1"}],"replies":[{"embeddable":true,"href":"https:\/\/www.caririemacao.com\/1\/wp-json\/wp\/v2\/comments?post=137557"}],"version-history":[{"count":1,"href":"https:\/\/www.caririemacao.com\/1\/wp-json\/wp\/v2\/posts\/137557\/revisions"}],"predecessor-version":[{"id":137558,"href":"https:\/\/www.caririemacao.com\/1\/wp-json\/wp\/v2\/posts\/137557\/revisions\/137558"}],"wp:featuredmedia":[{"embeddable":true,"href":"https:\/\/www.caririemacao.com\/1\/wp-json\/wp\/v2\/media\/123663"}],"wp:attachment":[{"href":"https:\/\/www.caririemacao.com\/1\/wp-json\/wp\/v2\/media?parent=137557"}],"wp:term":[{"taxonomy":"category","embeddable":true,"href":"https:\/\/www.caririemacao.com\/1\/wp-json\/wp\/v2\/categories?post=137557"},{"taxonomy":"post_tag","embeddable":true,"href":"https:\/\/www.caririemacao.com\/1\/wp-json\/wp\/v2\/tags?post=137557"}],"curies":[{"name":"wp","href":"https:\/\/api.w.org\/{rel}","templated":true}]}}