{"id":137580,"date":"2019-11-24T08:17:05","date_gmt":"2019-11-24T11:17:05","guid":{"rendered":"http:\/\/www.caririemacao.com\/1\/?p=137580"},"modified":"2019-11-23T20:18:24","modified_gmt":"2019-11-23T23:18:24","slug":"enem-a-prova-passou-a-ansiedade-nao","status":"publish","type":"post","link":"https:\/\/www.caririemacao.com\/1\/2019\/11\/24\/enem-a-prova-passou-a-ansiedade-nao\/","title":{"rendered":"Enem: a prova passou, a ansiedade n\u00e3o"},"content":{"rendered":"\n<p>Jovens de todo o pa\u00eds fizeram o Exame Nacional do Ensino M\u00e9dio e a ansiedade pr\u00e9, durante e p\u00f3s-prova, \u00e9 um mal que afeta, praticamente, a todos, diz psic\u00f3loga.<\/p>\n\n\n\n<p>O Enem, Exame Nacional do Ensino M\u00e9dio, registrou 6,38 milh\u00f5es de inscritos, dentre estudantes oriundos da rede p\u00fablica e privada. O exame contou com alunos que se prepararam durante a maior parte do ano para conseguirem um bom desempenho e, posteriormente, uma nota suficiente para ingressar no ensino superior.<\/p>\n\n\n\n<p>\u201cH\u00e1 uma press\u00e3o muito grande sobre esses jovens! A sociedade, a fam\u00edlia e eles mesmos exercem uma cobran\u00e7a muito forte e isso tudo somado ao pr\u00f3prio turbilh\u00e3o emocional e hormonal natural da idade, torna o caso mais delicado. Os jovens se preparam bem, mas muitas vezes n\u00e3o conseguem alcan\u00e7ar o desempenho almejado por essa constante inseguran\u00e7a gerada pela press\u00e3o pela qual eles passam.\u201d explica a psic\u00f3loga do Hapvida, D\u00e9bora Silva.<\/p>\n\n\n\n<p>A ansiedade pode se manifestar de diversas formas, por exemplo: f\u00edsica, como dores no est\u00f4mago, de cabe\u00e7a, transpira\u00e7\u00e3o e acelera\u00e7\u00e3o do batimento card\u00edaco. Sabemos que a \u00e9poca do Enem ou do vestibular causa tens\u00e3o para muitos jovens. E os epis\u00f3dios de ansiedade ocorrem com mais frequ\u00eancia.<\/p>\n\n\n\n<p>N\u00e3o s\u00f3 o Enem \u00e9 o motivo de afli\u00e7\u00e3o dos jovens como demais vestibulares que vem em seguida. \u201cDepois da prova n\u00e3o tem mais o que fazer, passou! S\u00f3 resta tentar se acalmar, pra isso praticar exerc\u00edcios f\u00edsicos \u00e9 fundamental e manter uma&nbsp; alimenta\u00e7\u00e3o saud\u00e1vel tamb\u00e9m \u00e9 essencial. O ideal \u00e9 que o jovem busque praticar algum hobby para tentar n\u00e3o pensar tanto na prova e espairecer, se distrair\u201d, aconselhou a psic\u00f3loga. A previs\u00e3o do Minist\u00e9rio da Educa\u00e7\u00e3o\/Inep \u00e9 divulgar o resultado final do ENEM em janeiro de 2020;&nbsp; a nota do exame pode ser usado no Sisu, Prouni e Fies.<\/p>\n\n\n\n<p><strong>MaisPB<\/strong><\/p>\n","protected":false},"excerpt":{"rendered":"<p>Jovens de todo o pa\u00eds fizeram o Exame Nacional do Ensino M\u00e9dio e a ansiedade pr\u00e9, durante e p\u00f3s-prova, \u00e9 um mal que afeta, praticamente,&hellip; <\/p>\n","protected":false},"author":1,"featured_media":104792,"comment_status":"closed","ping_status":"closed","sticky":false,"template":"","format":"standard","meta":{"sfsi_plus_gutenberg_text_before_share":"","sfsi_plus_gutenberg_show_text_before_share":"","sfsi_plus_gutenberg_icon_type":"","sfsi_plus_gutenberg_icon_alignemt":"","sfsi_plus_gutenburg_max_per_row":"","footnotes":""},"categories":[16],"tags":[],"class_list":["post-137580","post","type-post","status-publish","format-standard","has-post-thumbnail","hentry","category-saude"],"_links":{"self":[{"href":"https:\/\/www.caririemacao.com\/1\/wp-json\/wp\/v2\/posts\/137580","targetHints":{"allow":["GET"]}}],"collection":[{"href":"https:\/\/www.caririemacao.com\/1\/wp-json\/wp\/v2\/posts"}],"about":[{"href":"https:\/\/www.caririemacao.com\/1\/wp-json\/wp\/v2\/types\/post"}],"author":[{"embeddable":true,"href":"https:\/\/www.caririemacao.com\/1\/wp-json\/wp\/v2\/users\/1"}],"replies":[{"embeddable":true,"href":"https:\/\/www.caririemacao.com\/1\/wp-json\/wp\/v2\/comments?post=137580"}],"version-history":[{"count":1,"href":"https:\/\/www.caririemacao.com\/1\/wp-json\/wp\/v2\/posts\/137580\/revisions"}],"predecessor-version":[{"id":137581,"href":"https:\/\/www.caririemacao.com\/1\/wp-json\/wp\/v2\/posts\/137580\/revisions\/137581"}],"wp:featuredmedia":[{"embeddable":true,"href":"https:\/\/www.caririemacao.com\/1\/wp-json\/wp\/v2\/media\/104792"}],"wp:attachment":[{"href":"https:\/\/www.caririemacao.com\/1\/wp-json\/wp\/v2\/media?parent=137580"}],"wp:term":[{"taxonomy":"category","embeddable":true,"href":"https:\/\/www.caririemacao.com\/1\/wp-json\/wp\/v2\/categories?post=137580"},{"taxonomy":"post_tag","embeddable":true,"href":"https:\/\/www.caririemacao.com\/1\/wp-json\/wp\/v2\/tags?post=137580"}],"curies":[{"name":"wp","href":"https:\/\/api.w.org\/{rel}","templated":true}]}}