{"id":137583,"date":"2019-11-24T08:18:28","date_gmt":"2019-11-24T11:18:28","guid":{"rendered":"http:\/\/www.caririemacao.com\/1\/?p=137583"},"modified":"2019-11-23T20:19:51","modified_gmt":"2019-11-23T23:19:51","slug":"uso-inadequado-de-antibioticos-aumenta-resistencia-de-bacterias","status":"publish","type":"post","link":"https:\/\/www.caririemacao.com\/1\/2019\/11\/24\/uso-inadequado-de-antibioticos-aumenta-resistencia-de-bacterias\/","title":{"rendered":"Uso inadequado de antibi\u00f3ticos aumenta resist\u00eancia de bact\u00e9rias"},"content":{"rendered":"\n<p><br>Ouso consciente de antibi\u00f3ticos requer a atua\u00e7\u00e3o de diversos atores, que v\u00e3o desde a popula\u00e7\u00e3o em geral at\u00e9 profissionais da sa\u00fade e ind\u00fastria farmac\u00eautica.<\/p>\n\n\n\n<p>\u201cSem uma a\u00e7\u00e3o urgente, caminhamos para uma era p\u00f3s-antibi\u00f3ticos, em que infec\u00e7\u00f5es comuns e ferimentos leves podem voltar a matar\u201d, alerta a Organiza\u00e7\u00e3o Mundial da Sa\u00fade (OMS).organiza\u00e7\u00e3o que promove at\u00e9 domingo (24) a Semana Mundial do Uso Consciente de Antibi\u00f3ticos. A programa\u00e7\u00e3o teve in\u00edcio nesta segunda-feira (18).<\/p>\n\n\n\n<p>Segundo a OMS, o uso inadequado de antibi\u00f3ticos faz com que as bact\u00e9rias se alterem, tornando-se resistentes a medicamentos. Infec\u00e7\u00f5es como pneumonia, tuberculose e gonorreia, est\u00e3o se tornando cada vez mais dif\u00edceis e, \u00e0s vezes, imposs\u00edveis de tratar.<\/p>\n\n\n\n<p>A OMS estima que pelo menos 700 mil pessoas morrem por ano devido a doen\u00e7as resistentes a medicamentos antimicrobianos e alerta que o n\u00famero de mortes pode chegar a 10 milh\u00f5es, a cada ano, at\u00e9 2050, mantido o cen\u00e1rio atual.<\/p>\n\n\n\n<p>\u201cIsso \u00e9 um problema que tem se tornado cada vez mais grave. A resist\u00eancia bacteriana hoje em dia \u00e9 considerada uma das 10 maiores amea\u00e7as \u00e0 sa\u00fade p\u00fablica global. Infec\u00e7\u00f5es para as quais antigamente a gente tinha tratamento, hoje praticamente n\u00e3o temos mais op\u00e7\u00f5es\u201d, disse a chefe do Laborat\u00f3rio de Pesquisa em Infec\u00e7\u00e3o Hospitalar do Instituto Oswaldo Cruz, Ana Paula Assef, em entrevista \u00e0&nbsp;<strong>R\u00e1dio Nacional<\/strong>.<\/p>\n\n\n\n<p>A pesquisadora ressalta que v\u00e1rios atores podem contribuir para reverter esse cen\u00e1rio. Profissionais da sa\u00fade podem ter mais cuidado e prescrever antibi\u00f3ticos de forma correta e consciente, escolhendo melhor o medicamento na hora de receit\u00e1-lo.<\/p>\n\n\n\n<p>E a popula\u00e7\u00e3o tamb\u00e9m pode se proteger. \u201cMuitas vezes acontece de a gente usar o antibi\u00f3tico que tem no arm\u00e1rio da vizinha, ou da tia, que falou que usou aquele antibi\u00f3tico para tratar uma infec\u00e7\u00e3o parecida. N\u00e3o pode. A popula\u00e7\u00e3o tem que ter essa no\u00e7\u00e3o de que antibi\u00f3tico s\u00f3 pode ser usado, que s\u00f3 adianta, para infec\u00e7\u00f5es bacterianas. E quem tem que receitar \u00e9 o m\u00e9dico\u201d, afirmou.<\/p>\n\n\n\n<p><strong>Consumo no mundo<\/strong><\/p>\n\n\n\n<p>Relat\u00f3rio da OMS&nbsp;publicado no ano passado aponta grandes discrep\u00e2ncias nas taxas de consumo entre os 65 pa\u00edses analisados, variando de aproximadamente quatro doses di\u00e1rias definidas (DDD) por cada mil habitantes para mais de 64 doses di\u00e1rias definidas por cada mil habitantes.<\/p>\n\n\n\n<p>Segundo a organiza\u00e7\u00e3o, a grande diferen\u00e7a no uso de antibi\u00f3ticos em todo o mundo indica que alguns pa\u00edses provavelmente est\u00e3o usando antibi\u00f3ticos, enquanto outros podem n\u00e3o ter acesso suficiente a esses medicamentos que salvam vidas.<\/p>\n\n\n\n<p>No Brasil, a taxa de consumo \u00e9 22,75, a maior entre os pa\u00edses americanos com dados dispon\u00edveis. O pa\u00eds \u00e9 seguido por Bol\u00edvia, com taxa de consumo de 19,57 doses di\u00e1rias definidas por cada mil habitantes; Paraguai, com 19,38; Canad\u00e1, com 17,05; Costa Rica, com 14,18; e Peru, com 10,26.<\/p>\n\n\n\n<p>De acordo com o m\u00e9dico infectologista H\u00e9lio Bacha, grande parte do uso do antibi\u00f3tico no Brasil, especialmente o ambulatorial, \u00e9 desnecess\u00e1ria.<\/p>\n\n\n\n<p>\u201cH\u00e1 uma press\u00e3o muito grande por parte da popula\u00e7\u00e3o, que acha que antibi\u00f3tico \u00e9 medica\u00e7\u00e3o eficaz para todo tipo de infec\u00e7\u00e3o e h\u00e1 uma forma\u00e7\u00e3o m\u00e9dica nem sempre adequada para distinguir o bom uso do antibi\u00f3tico\u201d, diestacou Bacha, que \u00e9 consultor t\u00e9cnico representante da Sociedade Brasileira de Infectologia no Conselho Cient\u00edfico da Associa\u00e7\u00e3o M\u00e9dica Brasileira.<\/p>\n\n\n\n<figure class=\"wp-block-image\"><img decoding=\"async\" data-src=\"https:\/\/paraibaonline.com.br\/wp-content\/uploads\/2019\/11\/medicamentos-567x378.jpg\" alt=\"Foto: ABr\" class=\"wp-image-820875 lazyload\" src=\"data:image\/svg+xml;base64,PHN2ZyB3aWR0aD0iMSIgaGVpZ2h0PSIxIiB4bWxucz0iaHR0cDovL3d3dy53My5vcmcvMjAwMC9zdmciPjwvc3ZnPg==\" style=\"--smush-placeholder-width: 567px; --smush-placeholder-aspect-ratio: 567\/378;\" \/><\/figure>\n\n\n\n<p>Foto: ABr<\/p>\n\n\n\n<p>Bacha disse que grande parte das doen\u00e7as infecciosas virais e mesmo infec\u00e7\u00f5es bacterianas tem cura espont\u00e2nea. \u00c9 preciso, portanto, \u201cmelhorar a prescri\u00e7\u00e3o por parte dos m\u00e9dicos. E isso n\u00e3o basta, se n\u00e3o houver consci\u00eancia coletiva da popula\u00e7\u00e3o. [\u00c9 preciso] melhorar o n\u00edvel de saber dessa popula\u00e7\u00e3o dos limites do uso do antibi\u00f3tico e das amea\u00e7as que isso traz.\u201d<\/p>\n\n\n\n<p>Segundo a OMS, h\u00e1 uma s\u00e9rie de a\u00e7\u00f5es que podem ser tomadas por diversos setores da sociedade.<\/p>\n\n\n\n<p><strong>A popula\u00e7\u00e3o pode:<\/strong><\/p>\n\n\n\n<p>Prevenir infec\u00e7\u00f5es, lavando as m\u00e3os regularmente, praticando uma boa higiene alimentar, evitando contato pr\u00f3ximo com pessoas doentes e mantendo atualizado o calend\u00e1rio de vacina\u00e7\u00e3o.<\/p>\n\n\n\n<p>Usar antibi\u00f3ticos apenas quando indicado e prescrito por um profissional de sa\u00fade.<\/p>\n\n\n\n<p>Seguir a prescri\u00e7\u00e3o \u00e0 risca.<\/p>\n\n\n\n<p>Evitar reutilizar antibi\u00f3ticos de tratamentos pr\u00e9vios que estejam dispon\u00edveis em domic\u00edlio, sem adequada avalia\u00e7\u00e3o de profissional de sa\u00fade.<\/p>\n\n\n\n<p>N\u00e3o compartilhar antibi\u00f3ticos com outras pessoas.<\/p>\n\n\n\n<p><strong>Profissionais de sa\u00fade podem:<\/strong><\/p>\n\n\n\n<p>Prevenir infec\u00e7\u00f5es ao garantir que as m\u00e3os, os instrumentos e o ambiente estejam limpos.<\/p>\n\n\n\n<p>Manter a vacina\u00e7\u00e3o dos pacientes em dia.<\/p>\n\n\n\n<p>Quando uma infec\u00e7\u00e3o bacteriana \u00e9 suspeita, realizar culturas e testes bacterianos para confirm\u00e1-la.<\/p>\n\n\n\n<p>Prescrever e dispensar antibi\u00f3ticos apenas quando realmente forem necess\u00e1rios.<\/p>\n\n\n\n<p>Prescrever e dispensar o antibi\u00f3tico adequados, assim como sua posologia e per\u00edodo de utiliza\u00e7\u00e3o.<\/p>\n\n\n\n<h2 class=\"wp-block-heading\">Os gestores em sa\u00fade podem:<\/h2>\n\n\n\n<p>Implantar um robusto plano de a\u00e7\u00e3o nacional para combater a resist\u00eancia aos antibi\u00f3ticos.<\/p>\n\n\n\n<p>Aprimorar a vigil\u00e2ncia \u00e0s infec\u00e7\u00f5es resistentes aos antibi\u00f3ticos.<\/p>\n\n\n\n<p>Refor\u00e7ar as medidas de controle e preven\u00e7\u00e3o de infec\u00e7\u00f5es.<\/p>\n\n\n\n<p>Regulamentar e promover o uso adequado de medicamentos de qualidade.<\/p>\n\n\n\n<p>Tornar acess\u00edveis as informa\u00e7\u00f5es sobre o impacto da resist\u00eancia aos antibi\u00f3ticos.<\/p>\n\n\n\n<p>Incentivar o desenvolvimento de novas op\u00e7\u00f5es de tratamento, vacinas e diagn\u00f3stico.<\/p>\n\n\n\n<p><strong>O setor agr\u00edcola pode:<\/strong><\/p>\n\n\n\n<p>Garantir que os antibi\u00f3ticos dados aos animais \u2013 incluindo os produtores de alimentos e os de companhia \u2013 sejam usados apenas no tratamento de doen\u00e7as infecciosas e sob supervis\u00e3o de um m\u00e9dico veterin\u00e1rio.<\/p>\n\n\n\n<p>Vacinar os animais para reduzir a necessidade do uso de antibi\u00f3ticos e desenvolver alternativas ao uso de antibi\u00f3ticos em planta\u00e7\u00f5es.<\/p>\n\n\n\n<p>Promover e aplicar boas pr\u00e1ticas em todos os passos da produ\u00e7\u00e3o e do processamento de alimentos de origem animal e vegetal.Adotar sistemas sustent\u00e1veis com melhor higiene, biosseguran\u00e7a e manejo dos animais livre de estresse.<\/p>\n\n\n\n<p>Implementar normas internacionais para o uso respons\u00e1vel de antibi\u00f3ticos estabelecidas pela Organiza\u00e7\u00e3o Mundial de Sa\u00fade Animal, FAO [Organiza\u00e7\u00e3o das Na\u00e7\u00f5es Unidas para Alimenta\u00e7\u00e3o e Agricultura] e OMS.<\/p>\n\n\n\n<p><strong>A ind\u00fastria da sa\u00fade pode:<\/strong><\/p>\n\n\n\n<p>Investir em novos antibi\u00f3ticos, vacinas e diagn\u00f3sticos<ins><br>\n\n<\/ins><\/p>\n","protected":false},"excerpt":{"rendered":"<p>Ouso consciente de antibi\u00f3ticos requer a atua\u00e7\u00e3o de diversos atores, que v\u00e3o desde a popula\u00e7\u00e3o em geral at\u00e9 profissionais da sa\u00fade e ind\u00fastria farmac\u00eautica. \u201cSem&hellip; <\/p>\n","protected":false},"author":1,"featured_media":117777,"comment_status":"closed","ping_status":"closed","sticky":false,"template":"","format":"standard","meta":{"sfsi_plus_gutenberg_text_before_share":"","sfsi_plus_gutenberg_show_text_before_share":"","sfsi_plus_gutenberg_icon_type":"","sfsi_plus_gutenberg_icon_alignemt":"","sfsi_plus_gutenburg_max_per_row":"","footnotes":""},"categories":[16],"tags":[],"class_list":["post-137583","post","type-post","status-publish","format-standard","has-post-thumbnail","hentry","category-saude"],"_links":{"self":[{"href":"https:\/\/www.caririemacao.com\/1\/wp-json\/wp\/v2\/posts\/137583","targetHints":{"allow":["GET"]}}],"collection":[{"href":"https:\/\/www.caririemacao.com\/1\/wp-json\/wp\/v2\/posts"}],"about":[{"href":"https:\/\/www.caririemacao.com\/1\/wp-json\/wp\/v2\/types\/post"}],"author":[{"embeddable":true,"href":"https:\/\/www.caririemacao.com\/1\/wp-json\/wp\/v2\/users\/1"}],"replies":[{"embeddable":true,"href":"https:\/\/www.caririemacao.com\/1\/wp-json\/wp\/v2\/comments?post=137583"}],"version-history":[{"count":1,"href":"https:\/\/www.caririemacao.com\/1\/wp-json\/wp\/v2\/posts\/137583\/revisions"}],"predecessor-version":[{"id":137584,"href":"https:\/\/www.caririemacao.com\/1\/wp-json\/wp\/v2\/posts\/137583\/revisions\/137584"}],"wp:featuredmedia":[{"embeddable":true,"href":"https:\/\/www.caririemacao.com\/1\/wp-json\/wp\/v2\/media\/117777"}],"wp:attachment":[{"href":"https:\/\/www.caririemacao.com\/1\/wp-json\/wp\/v2\/media?parent=137583"}],"wp:term":[{"taxonomy":"category","embeddable":true,"href":"https:\/\/www.caririemacao.com\/1\/wp-json\/wp\/v2\/categories?post=137583"},{"taxonomy":"post_tag","embeddable":true,"href":"https:\/\/www.caririemacao.com\/1\/wp-json\/wp\/v2\/tags?post=137583"}],"curies":[{"name":"wp","href":"https:\/\/api.w.org\/{rel}","templated":true}]}}