{"id":137587,"date":"2019-11-24T07:19:55","date_gmt":"2019-11-24T10:19:55","guid":{"rendered":"http:\/\/www.caririemacao.com\/1\/?p=137587"},"modified":"2019-11-23T20:21:48","modified_gmt":"2019-11-23T23:21:48","slug":"adriano-silva-e-amazan-estao-na-programacao-cultural-da-expo-monteiro","status":"publish","type":"post","link":"https:\/\/www.caririemacao.com\/1\/2019\/11\/24\/adriano-silva-e-amazan-estao-na-programacao-cultural-da-expo-monteiro\/","title":{"rendered":"Adriano Silva e Amazan est\u00e3o na programa\u00e7\u00e3o cultural da Expo Monteiro"},"content":{"rendered":"\n<p>A cidade de Monteiro conta os minutos para receber uma das maiores exposi\u00e7\u00f5es ligadas a caprinovinocultura da Para\u00edba. Toda a programa\u00e7\u00e3o de exposi\u00e7\u00f5es, torneios, semin\u00e1rios e shows acontecem no Parque de Eventos, localizado no centro da cidade, e \u00e9 totalmente gratuita.<\/p>\n\n\n\n<p>Dentre as atra\u00e7\u00f5es confirmadas para fazer parte da programa\u00e7\u00e3o cultural do evento est\u00e3o dois dos nomes que representam o melhor do forr\u00f3 paraibano. O monteirense Adriano Silva,&nbsp;dono de uma voz marcante e forte vem com uma bagagem armazenada ao longo de 5 anos de carreira solo, o jovem cantor, compositor e acordeonista, traz o forr\u00f3 rom\u00e2ntico e animado, sendo sucesso de p\u00fablico em suas apresenta\u00e7\u00f5es em Monteiro.<\/p>\n\n\n\n<p>No seu repert\u00f3rio para a noite do s\u00e1bado, dia 30, dentro da programa\u00e7\u00e3o da Expo Monteiro, Adriano traz trabalhos escolhidos a dedo de seus quatro cds gravados.<\/p>\n\n\n\n<div class=\"wp-block-image\"><figure class=\"alignleft\"><img decoding=\"async\" data-src=\"https:\/\/i1.wp.com\/www.vitrinedocariri.com.br\/wp-content\/uploads\/2019\/06\/armazan-cantor-300x200.jpg\" alt=\"\" class=\"wp-image-46333 lazyload\" src=\"data:image\/svg+xml;base64,PHN2ZyB3aWR0aD0iMSIgaGVpZ2h0PSIxIiB4bWxucz0iaHR0cDovL3d3dy53My5vcmcvMjAwMC9zdmciPjwvc3ZnPg==\" style=\"--smush-placeholder-width: 300px; --smush-placeholder-aspect-ratio: 300\/200;\" \/><\/figure><\/div>\n\n\n\n<p><\/p>\n\n\n\n<p><\/p>\n\n\n\n<p>Em a seguida Adriano entrega o palco para Amazan um dos nomes mais importantes do forr\u00f3 da Para\u00edba e com quase 30 anos de carreira, tamb\u00e9m promete um bom arrasta-p\u00e9 na Pra\u00e7a de Eventos.<\/p>\n\n\n\n<p>Ainda dentro da programa\u00e7\u00e3o, logo ap\u00f3s a solenidade de abertura da XIV Exposi\u00e7\u00e3o de Animais de Monteiro, acontece o Festival de Poesia Pinto de Monteiro, uma homenagem aos 124 de nascimento do maior repentista da hist\u00f3ria do Cariri Paraibano, que ter\u00e1 a participa\u00e7\u00e3o de poetas como Ivanildo Vila Nova, Ren\u00ea Cavalcanti e Xex\u00e9u, entre outros.<\/p>\n\n\n\n<p>Na sexta-feira, 29, al\u00e9m do tradicional forr\u00f3 p\u00e9 de serra, se apresenta na \u00e1rea do evento a dupla Genildo e Ginaldo.<\/p>\n\n\n\n<p>A prefeita Anna Lorena destacou a import\u00e2ncia deste evento para o fortalecimento da economia rural, principalmente para os criadores de caprinos, ovinos e bovinos, que ter\u00e3o a oportunidade de expor seus animais e participar de torneios leiteiros.<\/p>\n\n\n\n<p>Segundo a secret\u00e1ria de Cultura e Turismo, Christianne Leal, toda a estrutura do evento come\u00e7ou a ser montado neste s\u00e1bado, 23, e toda a equipe da pasta est\u00e1 acompanhando os \u00faltimos detalhes para o sucesso do evento.<\/p>\n\n\n\n<p>A XIV Exposi\u00e7\u00e3o de Monteiro \u00e9 uma realiza\u00e7\u00e3o da Prefeitura de Monteiro, com o apoio do Governo do Estado, SEBRAE e outras entidades p\u00fablicas e privadas, a exemplo do Armaz\u00e9m Para\u00edba, que ofertou o cantor Amazan para abrilhantar ainda mais a Expo Feira de Monteiro.<\/p>\n","protected":false},"excerpt":{"rendered":"<p>A cidade de Monteiro conta os minutos para receber uma das maiores exposi\u00e7\u00f5es ligadas a caprinovinocultura da Para\u00edba. Toda a programa\u00e7\u00e3o de exposi\u00e7\u00f5es, torneios, semin\u00e1rios&hellip; <\/p>\n","protected":false},"author":1,"featured_media":137588,"comment_status":"closed","ping_status":"closed","sticky":false,"template":"","format":"standard","meta":{"sfsi_plus_gutenberg_text_before_share":"","sfsi_plus_gutenberg_show_text_before_share":"","sfsi_plus_gutenberg_icon_type":"","sfsi_plus_gutenberg_icon_alignemt":"","sfsi_plus_gutenburg_max_per_row":"","footnotes":""},"categories":[6],"tags":[],"class_list":["post-137587","post","type-post","status-publish","format-standard","has-post-thumbnail","hentry","category-cidades"],"_links":{"self":[{"href":"https:\/\/www.caririemacao.com\/1\/wp-json\/wp\/v2\/posts\/137587","targetHints":{"allow":["GET"]}}],"collection":[{"href":"https:\/\/www.caririemacao.com\/1\/wp-json\/wp\/v2\/posts"}],"about":[{"href":"https:\/\/www.caririemacao.com\/1\/wp-json\/wp\/v2\/types\/post"}],"author":[{"embeddable":true,"href":"https:\/\/www.caririemacao.com\/1\/wp-json\/wp\/v2\/users\/1"}],"replies":[{"embeddable":true,"href":"https:\/\/www.caririemacao.com\/1\/wp-json\/wp\/v2\/comments?post=137587"}],"version-history":[{"count":1,"href":"https:\/\/www.caririemacao.com\/1\/wp-json\/wp\/v2\/posts\/137587\/revisions"}],"predecessor-version":[{"id":137589,"href":"https:\/\/www.caririemacao.com\/1\/wp-json\/wp\/v2\/posts\/137587\/revisions\/137589"}],"wp:featuredmedia":[{"embeddable":true,"href":"https:\/\/www.caririemacao.com\/1\/wp-json\/wp\/v2\/media\/137588"}],"wp:attachment":[{"href":"https:\/\/www.caririemacao.com\/1\/wp-json\/wp\/v2\/media?parent=137587"}],"wp:term":[{"taxonomy":"category","embeddable":true,"href":"https:\/\/www.caririemacao.com\/1\/wp-json\/wp\/v2\/categories?post=137587"},{"taxonomy":"post_tag","embeddable":true,"href":"https:\/\/www.caririemacao.com\/1\/wp-json\/wp\/v2\/tags?post=137587"}],"curies":[{"name":"wp","href":"https:\/\/api.w.org\/{rel}","templated":true}]}}