{"id":137595,"date":"2019-11-24T07:21:56","date_gmt":"2019-11-24T10:21:56","guid":{"rendered":"http:\/\/www.caririemacao.com\/1\/?p=137595"},"modified":"2019-11-23T20:23:33","modified_gmt":"2019-11-23T23:23:33","slug":"paraiba-e-1o-lugar-do-norte-nordeste-nas-paralimpiadas","status":"publish","type":"post","link":"https:\/\/www.caririemacao.com\/1\/2019\/11\/24\/paraiba-e-1o-lugar-do-norte-nordeste-nas-paralimpiadas\/","title":{"rendered":"Para\u00edba \u00e9 1\u00ba lugar do Norte\/Nordeste nas Paralimp\u00edadas"},"content":{"rendered":"\n<p>Garra, supera\u00e7\u00e3o e vontade de vencer. Foi com esses sentimentos que a delega\u00e7\u00e3o da Para\u00edba encerrou, nesta sexta-feira (22), sua participa\u00e7\u00e3o nas Paralimp\u00edadas Escolares realizadas em S\u00e3o Paulo, onde conquistou 66 medalhas, sendo 35 de ouro, 17 de prata e 14 de bronze. Pela classifica\u00e7\u00e3o final divulgada pelo Comit\u00ea Paral\u00edmpico Brasileiro (CPB), respons\u00e1vel pelo evento, que teve a dura\u00e7\u00e3o de tr\u00eas dias, os paraibanos ficaram na 6\u00aa posi\u00e7\u00e3o geral, sendo o melhor \u00edndice do Norte e Nordeste do pa\u00eds, ficando atr\u00e1s apenas de S\u00e3o Paulo, Santa Catarina, Distrito Federal, Goi\u00e1s e Minas Gerais.<\/p>\n\n\n\n<p>O chefe da delega\u00e7\u00e3o da Para\u00edba, Jean Klaud, atribuiu o alto quantitativo de medalhas conquistadas \u00e0 determina\u00e7\u00e3o dos paratletas, assim como a pol\u00edtica p\u00fablica voltada para o segmento no estado. \u201cA determina\u00e7\u00e3o de cada um, mesclada com tudo que foi trabalhado pelo Governo do Estado em 2019 na \u00e1rea do paradesporto, foi o resultado desse sucesso e a Para\u00edba volta com o melhor desempenho das regi\u00f5es do Norte e Nordeste do Brasil. Sem falar tamb\u00e9m que, se n\u00e3o fosse o apoio com o transporte a\u00e9reo, dificilmente estar\u00edamos em S\u00e3o Paulo disputando essa competi\u00e7\u00e3o, a maior do paradesporto escolar brasileiro\u201d, disse.<\/p>\n\n\n\n<p>O secret\u00e1rio da Juventude, Esporte e Lazer, Herv\u00e1zio Bezerra, destacou o empenho do Governo como um todo para o sucesso. \u201cO deslocamento desses paratletas, t\u00e9cnicos e dirigentes, foi gra\u00e7as a um esfor\u00e7o concentrado entre \u00f3rg\u00e3os e secretarias que integram a gest\u00e3o estadual e como resultado uma alegria tremenda, pois, no meio de 26 estados, a Para\u00edba terminou numa posi\u00e7\u00e3o privilegiad\u00edssima. De parab\u00e9ns o paradesporto paraibano e fiquemos agora na torcida aos atletas em Blumenau, que est\u00e3o nos Jogos Escolares da Juventude\u201d, destacou Herv\u00e1zio.<\/p>\n","protected":false},"excerpt":{"rendered":"<p>Garra, supera\u00e7\u00e3o e vontade de vencer. Foi com esses sentimentos que a delega\u00e7\u00e3o da Para\u00edba encerrou, nesta sexta-feira (22), sua participa\u00e7\u00e3o nas Paralimp\u00edadas Escolares realizadas&hellip; <\/p>\n","protected":false},"author":1,"featured_media":137596,"comment_status":"closed","ping_status":"closed","sticky":false,"template":"","format":"standard","meta":{"sfsi_plus_gutenberg_text_before_share":"","sfsi_plus_gutenberg_show_text_before_share":"","sfsi_plus_gutenberg_icon_type":"","sfsi_plus_gutenberg_icon_alignemt":"","sfsi_plus_gutenburg_max_per_row":"","footnotes":""},"categories":[13],"tags":[],"class_list":["post-137595","post","type-post","status-publish","format-standard","has-post-thumbnail","hentry","category-esportes"],"_links":{"self":[{"href":"https:\/\/www.caririemacao.com\/1\/wp-json\/wp\/v2\/posts\/137595","targetHints":{"allow":["GET"]}}],"collection":[{"href":"https:\/\/www.caririemacao.com\/1\/wp-json\/wp\/v2\/posts"}],"about":[{"href":"https:\/\/www.caririemacao.com\/1\/wp-json\/wp\/v2\/types\/post"}],"author":[{"embeddable":true,"href":"https:\/\/www.caririemacao.com\/1\/wp-json\/wp\/v2\/users\/1"}],"replies":[{"embeddable":true,"href":"https:\/\/www.caririemacao.com\/1\/wp-json\/wp\/v2\/comments?post=137595"}],"version-history":[{"count":1,"href":"https:\/\/www.caririemacao.com\/1\/wp-json\/wp\/v2\/posts\/137595\/revisions"}],"predecessor-version":[{"id":137597,"href":"https:\/\/www.caririemacao.com\/1\/wp-json\/wp\/v2\/posts\/137595\/revisions\/137597"}],"wp:featuredmedia":[{"embeddable":true,"href":"https:\/\/www.caririemacao.com\/1\/wp-json\/wp\/v2\/media\/137596"}],"wp:attachment":[{"href":"https:\/\/www.caririemacao.com\/1\/wp-json\/wp\/v2\/media?parent=137595"}],"wp:term":[{"taxonomy":"category","embeddable":true,"href":"https:\/\/www.caririemacao.com\/1\/wp-json\/wp\/v2\/categories?post=137595"},{"taxonomy":"post_tag","embeddable":true,"href":"https:\/\/www.caririemacao.com\/1\/wp-json\/wp\/v2\/tags?post=137595"}],"curies":[{"name":"wp","href":"https:\/\/api.w.org\/{rel}","templated":true}]}}