{"id":137602,"date":"2019-11-24T09:10:45","date_gmt":"2019-11-24T12:10:45","guid":{"rendered":"http:\/\/www.caririemacao.com\/1\/?p=137602"},"modified":"2019-11-24T09:10:45","modified_gmt":"2019-11-24T12:10:45","slug":"flamengo-dedica-titulo-da-libertadores-a-dez-jovens-mortos-em-incendio-no-ninho","status":"publish","type":"post","link":"https:\/\/www.caririemacao.com\/1\/2019\/11\/24\/flamengo-dedica-titulo-da-libertadores-a-dez-jovens-mortos-em-incendio-no-ninho\/","title":{"rendered":"Flamengo dedica t\u00edtulo da Libertadores a dez jovens mortos em inc\u00eandio no Ninho"},"content":{"rendered":"\n<p>O bicampeonato da Libertadores conquistado neste s\u00e1bado (23) foi dedicado pelo Flamengo \u00e0s dez v\u00edtimas do inc\u00eandio do Ninho do Urubu no in\u00edcio do ano. Ap\u00f3s a partida, o clube usou as redes sociais para mostrar que que os jovens atletas que morreram n\u00e3o foram esquecidos.<br>&#8220;Esse t\u00edtulo foi por voc\u00eas! Por #Nossos10! Nossos eternos #GarotosDoNinho&#8221;, escreveu o Flamengo no Twitter.<\/p>\n\n\n\n<p>Vale lembrar que a torcida tamb\u00e9m cantou a m\u00fasica em homenagem aos jovens durante a comemora\u00e7\u00e3o do t\u00edtulo no est\u00e1dio Monumental, em Lima, no Peru. &#8220;Ah, como eu queria ver voc\u00eas aqui. Honrando o manto do Meng\u00e3o, com ra\u00e7a e paix\u00e3o. Mas, essa Na\u00e7\u00e3o jamais vai esquecer. O Flamengo vai jogar, pra sempre por voc\u00eas! \u00d4\u00f4\u00f4, ol\u00ea ol\u00ea ol\u00ea ol\u00ea ol\u00ea, s\u00e3o 10 estrelas a brilhar. No c\u00e9u do meu Meng\u00e3o!&#8221;.<\/p>\n\n\n\n<p>O inc\u00eandio no Ninho do Urubu aconteceu no dia 8 de fevereiro e fez 10 v\u00edtimas fatais, al\u00e9m de tr\u00eas feridos. At\u00e9 o momento, o Flamengo fechou quatro das 11 negocia\u00e7\u00f5es por indeniza\u00e7\u00f5es. J\u00e1 houve acordo com as fam\u00edlias de Athila Paix\u00e3o, de Gedson Santos, o Gedinho, de Vitor Isa\u00edas e com o pai de Rykelmo.<\/p>\n\n\n\n<p>Com a m\u00e3e de Rykelmo, que entrou na Justi\u00e7a, e com os familiares de Arthur Vin\u00edcius, Bernardo Pisetta, Christian Esm\u00e9rio, Jorge Eduardo, Pablo Henrique e Samuel Thomas ainda n\u00e3o houve resolu\u00e7\u00e3o. As defesas n\u00e3o est\u00e3o sendo conduzidas de forma coletiva.<\/p>\n","protected":false},"excerpt":{"rendered":"<p>O bicampeonato da Libertadores conquistado neste s\u00e1bado (23) foi dedicado pelo Flamengo \u00e0s dez v\u00edtimas do inc\u00eandio do Ninho do Urubu no in\u00edcio do ano.&hellip; <\/p>\n","protected":false},"author":1,"featured_media":137603,"comment_status":"closed","ping_status":"closed","sticky":false,"template":"","format":"standard","meta":{"sfsi_plus_gutenberg_text_before_share":"","sfsi_plus_gutenberg_show_text_before_share":"","sfsi_plus_gutenberg_icon_type":"","sfsi_plus_gutenberg_icon_alignemt":"","sfsi_plus_gutenburg_max_per_row":"","footnotes":""},"categories":[13],"tags":[],"class_list":["post-137602","post","type-post","status-publish","format-standard","has-post-thumbnail","hentry","category-esportes"],"_links":{"self":[{"href":"https:\/\/www.caririemacao.com\/1\/wp-json\/wp\/v2\/posts\/137602","targetHints":{"allow":["GET"]}}],"collection":[{"href":"https:\/\/www.caririemacao.com\/1\/wp-json\/wp\/v2\/posts"}],"about":[{"href":"https:\/\/www.caririemacao.com\/1\/wp-json\/wp\/v2\/types\/post"}],"author":[{"embeddable":true,"href":"https:\/\/www.caririemacao.com\/1\/wp-json\/wp\/v2\/users\/1"}],"replies":[{"embeddable":true,"href":"https:\/\/www.caririemacao.com\/1\/wp-json\/wp\/v2\/comments?post=137602"}],"version-history":[{"count":1,"href":"https:\/\/www.caririemacao.com\/1\/wp-json\/wp\/v2\/posts\/137602\/revisions"}],"predecessor-version":[{"id":137604,"href":"https:\/\/www.caririemacao.com\/1\/wp-json\/wp\/v2\/posts\/137602\/revisions\/137604"}],"wp:featuredmedia":[{"embeddable":true,"href":"https:\/\/www.caririemacao.com\/1\/wp-json\/wp\/v2\/media\/137603"}],"wp:attachment":[{"href":"https:\/\/www.caririemacao.com\/1\/wp-json\/wp\/v2\/media?parent=137602"}],"wp:term":[{"taxonomy":"category","embeddable":true,"href":"https:\/\/www.caririemacao.com\/1\/wp-json\/wp\/v2\/categories?post=137602"},{"taxonomy":"post_tag","embeddable":true,"href":"https:\/\/www.caririemacao.com\/1\/wp-json\/wp\/v2\/tags?post=137602"}],"curies":[{"name":"wp","href":"https:\/\/api.w.org\/{rel}","templated":true}]}}