{"id":137613,"date":"2019-11-24T09:19:24","date_gmt":"2019-11-24T12:19:24","guid":{"rendered":"http:\/\/www.caririemacao.com\/1\/?p=137613"},"modified":"2019-11-24T09:19:24","modified_gmt":"2019-11-24T12:19:24","slug":"neurocirurgiao-explica-como-foi-atendimento-de-gugu","status":"publish","type":"post","link":"https:\/\/www.caririemacao.com\/1\/2019\/11\/24\/neurocirurgiao-explica-como-foi-atendimento-de-gugu\/","title":{"rendered":"Neurocirurgi\u00e3o explica como foi atendimento de Gugu"},"content":{"rendered":"\n<p>A morte do apresentador Gugu Liberato foi confirmada na sexta-feira (22) \u00e0s 21h06, hor\u00e1rio de Bras\u00edlia, pela assessoria de imprensa do apresentador com uma nota assinada pela fam\u00edlia. Gugu sofreu um acidente em sua casa na Fl\u00f3rida, nos Estados Unidos, na quarta-feira (20).<br>Neste s\u00e1bado (23), no hospital, m\u00e9dicos iniciaram os procedimentos para a doa\u00e7\u00e3o de \u00f3rg\u00e3os do apresentador. De acordo com a lei americana, s\u00f3 depois desses procedimentos \u00e9 emitido um atestado de \u00f3bito.<br>A fam\u00edlia trabalha agora na documenta\u00e7\u00e3o para a repatria\u00e7\u00e3o do corpo. Eles acreditam que isso deva acontecer na quarta (27) ou quinta-feira (28). Gugu Liberato vai ser velado na Assembleia Legislativa de S\u00e3o Paulo e sepultado no cemit\u00e9rio Gets\u00eamani, no Morumbi, no jazigo da fam\u00edlia.<br>Em entrevista ao Jornal Nacional o neurocirurgi\u00e3o Guilherme Lepsky, chamado para acompanhar o estado cl\u00ednico de Gugu em Orlando, disse que o apresentador chegou vivo ao hospital.<br>&#8220;Ele tinha alguma atividade respirat\u00f3ria no in\u00edcio. N\u00e3o era de in\u00edcio morte encef\u00e1lica. Acontece que o quadro foi se deteriorando rapidamente&#8221;, disse Lepsky.<strong><br><\/strong><strong>Les\u00e3o neurol\u00f3gica<\/strong><br>Assim que chegou ao hospital foi constatada uma fratura na t\u00eampora direita e detectado um n\u00edvel 3 na escala Glasgow. A escala Glasgow mede a atividade cerebral e vai de 0 a 15. Isso quer dizer que a atividade cerebral de Gugu j\u00e1 era baix\u00edssima quando ele chegou ao local.<br>Como a hemorragia era muito grande, os m\u00e9dicos em Orlando optaram por n\u00e3o fazer cirurgia.<br>A fam\u00edlia de Gugu chegou prontamente do Brasil, inclusive a m\u00e3e, Maria do C\u00e9u, de 90 anos, e os irm\u00e3os Aparecida e Amadio. Chegaram ao hospital \u00e0s 19h30 de quinta (21), hor\u00e1rio de Bras\u00edlia.<br>O neurocirurgi\u00e3o Guilherme Lepsky, chamado para acompanhar o estado cl\u00ednico de Gugu no hospital, concedeu uma entrevista exclusiva neste s\u00e1bado ao correspondente Tiago Eltz. Lepsky disse que o apresentador chegou vivo ao hospital, mas sua condi\u00e7\u00e3o se agravou rapidamente.<br>\u201cUma coisa \u00e9 a avalia\u00e7\u00e3o da gravidade neurol\u00f3gica no momento que o paciente entra: \u2018Ah, \u00e9 grave, n\u00e3o \u00e9 grave, vamos ou n\u00e3o vamos fazer algo\u2019. A outra coisa \u00e9 o diagn\u00f3stico da morte encef\u00e1lica, que demanda tempo. Para falar que o quadro \u00e9 irrevers\u00edvel, e a gente est\u00e1 falando para o futuro, a gente tem que olhar um pouquinho para o passado, para as horas que passaram, e ver se houve alguma mudan\u00e7a positiva no quadro neurol\u00f3gico&#8221;, explica o neurocirurgi\u00e3o Guilherme Lepsky.<\/p>\n\n\n\n<p>Segundo o m\u00e9dico, o diagn\u00f3stico da morte encef\u00e1lica \u00e9 &#8220;evolutivo&#8221; e requer um tempo de an\u00e1lise.<br>&#8220;Precisa ter um tempo de observa\u00e7\u00e3o m\u00ednimo, que n\u00e3o pode ser menor do que seis horas. Isto que foi feito. Ele tinha alguma atividade respirat\u00f3ria no in\u00edcio. N\u00e3o era de in\u00edcio morte encef\u00e1lica. Ele tinha de in\u00edcio alguma atividade na prova de apneia, a prova que se faz. Acontece que o quadro foi se deteriorando rapidamente e a\u00ed as provas subsequentes comprovaram isso. S\u00e3o feitas pelo menos duas provas, h\u00e1 um intervalo, aqui nos EUA este intervalo este intervalo n\u00e3o \u00e9 limitado, pode ser feito 15 minutos depois, 20 minutos depois.&#8221;<br>Nos primeiros testes, Gugu ainda respirava sem os aparelhos, mas n\u00e3o respondia aos exames de reflexo profundo.<br>As leis americanas n\u00e3o exigem, mas os m\u00e9dicos fizeram ainda uma angiografia, que detectou que n\u00e3o havia mais fluxo de sangue para o c\u00e9rebro.<br>O Hospital do Cora\u00e7\u00e3o, em S\u00e3o Paulo, estava com estrutura pronta para atendimento, mas n\u00e3o foi necess\u00e1rio. Era desejo de Gugu que todos os seus \u00f3rg\u00e3os fossem doados e a fam\u00edlia atendeu. A equipe m\u00e9dica americana informa que eles podem ajudar at\u00e9 50 pessoas.<\/p>\n","protected":false},"excerpt":{"rendered":"<p>A morte do apresentador Gugu Liberato foi confirmada na sexta-feira (22) \u00e0s 21h06, hor\u00e1rio de Bras\u00edlia, pela assessoria de imprensa do apresentador com uma nota&hellip; <\/p>\n","protected":false},"author":1,"featured_media":137397,"comment_status":"closed","ping_status":"closed","sticky":false,"template":"","format":"standard","meta":{"sfsi_plus_gutenberg_text_before_share":"","sfsi_plus_gutenberg_show_text_before_share":"","sfsi_plus_gutenberg_icon_type":"","sfsi_plus_gutenberg_icon_alignemt":"","sfsi_plus_gutenburg_max_per_row":"","footnotes":""},"categories":[2],"tags":[],"class_list":["post-137613","post","type-post","status-publish","format-standard","has-post-thumbnail","hentry","category-geral"],"_links":{"self":[{"href":"https:\/\/www.caririemacao.com\/1\/wp-json\/wp\/v2\/posts\/137613","targetHints":{"allow":["GET"]}}],"collection":[{"href":"https:\/\/www.caririemacao.com\/1\/wp-json\/wp\/v2\/posts"}],"about":[{"href":"https:\/\/www.caririemacao.com\/1\/wp-json\/wp\/v2\/types\/post"}],"author":[{"embeddable":true,"href":"https:\/\/www.caririemacao.com\/1\/wp-json\/wp\/v2\/users\/1"}],"replies":[{"embeddable":true,"href":"https:\/\/www.caririemacao.com\/1\/wp-json\/wp\/v2\/comments?post=137613"}],"version-history":[{"count":1,"href":"https:\/\/www.caririemacao.com\/1\/wp-json\/wp\/v2\/posts\/137613\/revisions"}],"predecessor-version":[{"id":137614,"href":"https:\/\/www.caririemacao.com\/1\/wp-json\/wp\/v2\/posts\/137613\/revisions\/137614"}],"wp:featuredmedia":[{"embeddable":true,"href":"https:\/\/www.caririemacao.com\/1\/wp-json\/wp\/v2\/media\/137397"}],"wp:attachment":[{"href":"https:\/\/www.caririemacao.com\/1\/wp-json\/wp\/v2\/media?parent=137613"}],"wp:term":[{"taxonomy":"category","embeddable":true,"href":"https:\/\/www.caririemacao.com\/1\/wp-json\/wp\/v2\/categories?post=137613"},{"taxonomy":"post_tag","embeddable":true,"href":"https:\/\/www.caririemacao.com\/1\/wp-json\/wp\/v2\/tags?post=137613"}],"curies":[{"name":"wp","href":"https:\/\/api.w.org\/{rel}","templated":true}]}}