{"id":137620,"date":"2019-11-24T11:31:58","date_gmt":"2019-11-24T14:31:58","guid":{"rendered":"http:\/\/www.caririemacao.com\/1\/?p=137620"},"modified":"2019-11-24T11:31:58","modified_gmt":"2019-11-24T14:31:58","slug":"comissao-da-camara-debate-atuacao-de-hackers-e-seguranca-das-urnas-eletronicas","status":"publish","type":"post","link":"https:\/\/www.caririemacao.com\/1\/2019\/11\/24\/comissao-da-camara-debate-atuacao-de-hackers-e-seguranca-das-urnas-eletronicas\/","title":{"rendered":"Comiss\u00e3o da C\u00e2mara debate atua\u00e7\u00e3o de hackers e seguran\u00e7a das urnas eletr\u00f4nicas"},"content":{"rendered":"\n<p>A Comiss\u00e3o de Seguran\u00e7a P\u00fablica e Combate ao Crime Organizado promove audi\u00eancia p\u00fablica nesta ter\u00e7a-feira (26) sobre atua\u00e7\u00e3o de hackers e a seguran\u00e7a das urnas eletr\u00f4nicas.<\/p>\n\n\n\n<p>O pedido para o debate \u00e9 do deputado General Gir\u00e3o (PSL-RN). Para ele, os integrantes da comiss\u00e3o devem se aprofundar no tema, que, na sua avalia\u00e7\u00e3o, extrapola mat\u00e9ria eleitoral e permeia a quest\u00e3o da seguran\u00e7a p\u00fablica e do crime organizado.<\/p>\n\n\n\n<p>Foram convidados para a audi\u00eancia p\u00fablica:<\/p>\n\n\n\n<p>\u2013 engenheiro mec\u00e2nico e integrante do Comit\u00ea Multidisciplinar Independente Am\u00edlcar Brunazo Filho;<br>\u2013 procurador-geral do estado do Mato Grosso do Sul Felipe Marcelo Gimenez;<br>\u2013 presidente da Associa\u00e7\u00e3o Nacional dos Peritos Criminais Federais, Marcos de Almeida Camargo;<br>\u2013 procurador regional da Rep\u00fablica e conselheiro do Conselho Nacional do Minist\u00e9rio P\u00fablico S\u00edlvio Amorim.<\/p>\n\n\n\n<p>O debate ocorre \u00e0s 16h30 desta ter\u00e7a, no plen\u00e1rio 6.<br><\/p>\n","protected":false},"excerpt":{"rendered":"<p>A Comiss\u00e3o de Seguran\u00e7a P\u00fablica e Combate ao Crime Organizado promove audi\u00eancia p\u00fablica nesta ter\u00e7a-feira (26) sobre atua\u00e7\u00e3o de hackers e a seguran\u00e7a das urnas&hellip; <\/p>\n","protected":false},"author":1,"featured_media":70062,"comment_status":"closed","ping_status":"closed","sticky":false,"template":"","format":"standard","meta":{"sfsi_plus_gutenberg_text_before_share":"","sfsi_plus_gutenberg_show_text_before_share":"","sfsi_plus_gutenberg_icon_type":"","sfsi_plus_gutenberg_icon_alignemt":"","sfsi_plus_gutenburg_max_per_row":"","footnotes":""},"categories":[11],"tags":[],"class_list":["post-137620","post","type-post","status-publish","format-standard","has-post-thumbnail","hentry","category-politica"],"_links":{"self":[{"href":"https:\/\/www.caririemacao.com\/1\/wp-json\/wp\/v2\/posts\/137620","targetHints":{"allow":["GET"]}}],"collection":[{"href":"https:\/\/www.caririemacao.com\/1\/wp-json\/wp\/v2\/posts"}],"about":[{"href":"https:\/\/www.caririemacao.com\/1\/wp-json\/wp\/v2\/types\/post"}],"author":[{"embeddable":true,"href":"https:\/\/www.caririemacao.com\/1\/wp-json\/wp\/v2\/users\/1"}],"replies":[{"embeddable":true,"href":"https:\/\/www.caririemacao.com\/1\/wp-json\/wp\/v2\/comments?post=137620"}],"version-history":[{"count":1,"href":"https:\/\/www.caririemacao.com\/1\/wp-json\/wp\/v2\/posts\/137620\/revisions"}],"predecessor-version":[{"id":137621,"href":"https:\/\/www.caririemacao.com\/1\/wp-json\/wp\/v2\/posts\/137620\/revisions\/137621"}],"wp:featuredmedia":[{"embeddable":true,"href":"https:\/\/www.caririemacao.com\/1\/wp-json\/wp\/v2\/media\/70062"}],"wp:attachment":[{"href":"https:\/\/www.caririemacao.com\/1\/wp-json\/wp\/v2\/media?parent=137620"}],"wp:term":[{"taxonomy":"category","embeddable":true,"href":"https:\/\/www.caririemacao.com\/1\/wp-json\/wp\/v2\/categories?post=137620"},{"taxonomy":"post_tag","embeddable":true,"href":"https:\/\/www.caririemacao.com\/1\/wp-json\/wp\/v2\/tags?post=137620"}],"curies":[{"name":"wp","href":"https:\/\/api.w.org\/{rel}","templated":true}]}}