{"id":137631,"date":"2019-11-25T22:09:03","date_gmt":"2019-11-26T01:09:03","guid":{"rendered":"http:\/\/www.caririemacao.com\/1\/?p=137631"},"modified":"2019-11-25T22:09:43","modified_gmt":"2019-11-26T01:09:43","slug":"prefeitura-de-amparo-realiza-patrolamento-e-nivelamento-no-campo-de-futebol-do-riacho-do-cariri","status":"publish","type":"post","link":"https:\/\/www.caririemacao.com\/1\/2019\/11\/25\/prefeitura-de-amparo-realiza-patrolamento-e-nivelamento-no-campo-de-futebol-do-riacho-do-cariri\/","title":{"rendered":"Prefeitura de Amparo realiza patrolamento e nivelamento no campo de futebol do Riacho do Cariri"},"content":{"rendered":"\n<p>Atendendo solicita\u00e7\u00e3o dos desportistas da Comunidade Rural Riacho do Cariri, a Prefeitura Municipal de Amparo por meio da coordena\u00e7\u00e3o de m\u00e1quinas do PAC agregada a Secretaria de Agricultura, realizou na manh\u00e3 desta sexta-feira (22), o patrolamento e nivelamento do campo de futebol da citada comunidade.<br><a href=\"https:\/\/1.bp.blogspot.com\/-pMKu6ZgTarw\/XdkrdnWX-zI\/AAAAAAABGBA\/Dig9TIY1ypUYfcEPCPGC3_1dlELXy0llwCLcBGAsYHQ\/s1600\/patrolamento-riacho-do-cariri%2B%25282%2529.jpeg\"><\/a><br>\u201cAl\u00e9m de atender ao pedido da comunidade, estamos em parceria com a nossa Secretaria de Esportes que no momento realiza a Copa Amparo de Futebol da Zona Rural e nos solicitou que fosse feito os devidos reparos e manuten\u00e7\u00e3o dos Campos de futebol na zona rural\u201d palavras do prefeito In\u00e1cio N\u00f3brega.<br><\/p>\n\n\n\n<p>Ascom <\/p>\n","protected":false},"excerpt":{"rendered":"<p>Atendendo solicita\u00e7\u00e3o dos desportistas da Comunidade Rural Riacho do Cariri, a Prefeitura Municipal de Amparo por meio da coordena\u00e7\u00e3o de m\u00e1quinas do PAC agregada a&hellip; <\/p>\n","protected":false},"author":1,"featured_media":137632,"comment_status":"closed","ping_status":"closed","sticky":false,"template":"","format":"standard","meta":{"sfsi_plus_gutenberg_text_before_share":"","sfsi_plus_gutenberg_show_text_before_share":"","sfsi_plus_gutenberg_icon_type":"","sfsi_plus_gutenberg_icon_alignemt":"","sfsi_plus_gutenburg_max_per_row":"","footnotes":""},"categories":[6],"tags":[],"class_list":["post-137631","post","type-post","status-publish","format-standard","has-post-thumbnail","hentry","category-cidades"],"_links":{"self":[{"href":"https:\/\/www.caririemacao.com\/1\/wp-json\/wp\/v2\/posts\/137631","targetHints":{"allow":["GET"]}}],"collection":[{"href":"https:\/\/www.caririemacao.com\/1\/wp-json\/wp\/v2\/posts"}],"about":[{"href":"https:\/\/www.caririemacao.com\/1\/wp-json\/wp\/v2\/types\/post"}],"author":[{"embeddable":true,"href":"https:\/\/www.caririemacao.com\/1\/wp-json\/wp\/v2\/users\/1"}],"replies":[{"embeddable":true,"href":"https:\/\/www.caririemacao.com\/1\/wp-json\/wp\/v2\/comments?post=137631"}],"version-history":[{"count":1,"href":"https:\/\/www.caririemacao.com\/1\/wp-json\/wp\/v2\/posts\/137631\/revisions"}],"predecessor-version":[{"id":137633,"href":"https:\/\/www.caririemacao.com\/1\/wp-json\/wp\/v2\/posts\/137631\/revisions\/137633"}],"wp:featuredmedia":[{"embeddable":true,"href":"https:\/\/www.caririemacao.com\/1\/wp-json\/wp\/v2\/media\/137632"}],"wp:attachment":[{"href":"https:\/\/www.caririemacao.com\/1\/wp-json\/wp\/v2\/media?parent=137631"}],"wp:term":[{"taxonomy":"category","embeddable":true,"href":"https:\/\/www.caririemacao.com\/1\/wp-json\/wp\/v2\/categories?post=137631"},{"taxonomy":"post_tag","embeddable":true,"href":"https:\/\/www.caririemacao.com\/1\/wp-json\/wp\/v2\/tags?post=137631"}],"curies":[{"name":"wp","href":"https:\/\/api.w.org\/{rel}","templated":true}]}}