{"id":137651,"date":"2019-11-24T16:39:52","date_gmt":"2019-11-24T19:39:52","guid":{"rendered":"http:\/\/www.caririemacao.com\/1\/?p=137651"},"modified":"2019-11-24T16:39:52","modified_gmt":"2019-11-24T19:39:52","slug":"prefeito-de-prata-e-comitiva-participa-de-almoco-em-campina-grande","status":"publish","type":"post","link":"https:\/\/www.caririemacao.com\/1\/2019\/11\/24\/prefeito-de-prata-e-comitiva-participa-de-almoco-em-campina-grande\/","title":{"rendered":"Prefeito de Prata e comitiva participa de almo\u00e7o em Campina Grande"},"content":{"rendered":"\n<p>O Prefeito do Munic\u00edpio de Prata, J\u00fanior N\u00f3brega, e uma comitiva formada pelo o Secret\u00e1rio de Agricultura Genivaldo Temb\u00f3rio, a Secret\u00e1ria de Sa\u00fade Maria Aparecida, o Assessor Paulo Fernando, participaram, de almo\u00e7o neste domingo(23), em Campina Grande na Quinta da Colina, que foi oferecidos a prefeitos, vice prefeitos e vereadores, ainda estiveram presentes, Isa Ara\u00fajo e Cl\u00e1udia Morais.<br><\/p>\n\n\n\n<figure class=\"wp-block-image\"><a href=\"https:\/\/1.bp.blogspot.com\/-86Q61Wz66_Y\/XdrWMDJX2gI\/AAAAAAABUpA\/9tb3va0URuY5bc04iyJDMdNnh5ZDd-9NACLcBGAsYHQ\/s1600\/IMG-20191124-WA0139.jpg\"><img decoding=\"async\" data-src=\"https:\/\/1.bp.blogspot.com\/-86Q61Wz66_Y\/XdrWMDJX2gI\/AAAAAAABUpA\/9tb3va0URuY5bc04iyJDMdNnh5ZDd-9NACLcBGAsYHQ\/s320\/IMG-20191124-WA0139.jpg\" alt=\"\" src=\"data:image\/svg+xml;base64,PHN2ZyB3aWR0aD0iMSIgaGVpZ2h0PSIxIiB4bWxucz0iaHR0cDovL3d3dy53My5vcmcvMjAwMC9zdmciPjwvc3ZnPg==\" class=\"lazyload\" \/><\/a><\/figure>\n\n\n\n<figure class=\"wp-block-image\"><a href=\"https:\/\/1.bp.blogspot.com\/-IzoMXvoFUMQ\/XdrWQy81eLI\/AAAAAAABUpE\/_oUR4qV8e589msJGXUvLJk7nwzDH8q96QCLcBGAsYHQ\/s1600\/IMG-20191124-WA0135.jpg\"><img decoding=\"async\" data-src=\"https:\/\/1.bp.blogspot.com\/-IzoMXvoFUMQ\/XdrWQy81eLI\/AAAAAAABUpE\/_oUR4qV8e589msJGXUvLJk7nwzDH8q96QCLcBGAsYHQ\/s320\/IMG-20191124-WA0135.jpg\" alt=\"\" src=\"data:image\/svg+xml;base64,PHN2ZyB3aWR0aD0iMSIgaGVpZ2h0PSIxIiB4bWxucz0iaHR0cDovL3d3dy53My5vcmcvMjAwMC9zdmciPjwvc3ZnPg==\" class=\"lazyload\" \/><\/a><\/figure>\n\n\n\n<p>Aconteceu uma reuni\u00e3o com mulheres PL, onde v\u00e1rias mulheres se fizeram presentes, que comanda e s\u00e3o filiadas ao PL (Partido Liberal), nos seus munic\u00edpios. O evento mulher PL, contou com a presen\u00e7a da vereadora Ver\u00f4nica da cidade da Prata-PB, da Secret\u00e1ria Municipal de Sa\u00fade de Prata, Maria AparecidaO Munic\u00edpio de Prata, foi representado, pelo prefeito J\u00fanior N\u00f3brega, a primeira dama Maria Aparecida, a Vereadora Ver\u00f4nica, o Secret\u00e1rio de Agricultura Genivaldo\u00a0 Temb\u00f3rio, a sua esposa Isa Ara\u00fajo, o Assessor Paulo Fernandes, a sua esposa Cl\u00e1udia.<br>A comitiva do prefeito J\u00fanior N\u00f3brega foi recepcionada pelo Deputado Federal Wellington Roberto.<br><\/p>\n\n\n\n<p>Com Texeirinha\u00a0<br><\/p>\n","protected":false},"excerpt":{"rendered":"<p>O Prefeito do Munic\u00edpio de Prata, J\u00fanior N\u00f3brega, e uma comitiva formada pelo o Secret\u00e1rio de Agricultura Genivaldo Temb\u00f3rio, a Secret\u00e1ria de Sa\u00fade Maria Aparecida,&hellip; <\/p>\n","protected":false},"author":1,"featured_media":137652,"comment_status":"closed","ping_status":"closed","sticky":false,"template":"","format":"standard","meta":{"sfsi_plus_gutenberg_text_before_share":"","sfsi_plus_gutenberg_show_text_before_share":"","sfsi_plus_gutenberg_icon_type":"","sfsi_plus_gutenberg_icon_alignemt":"","sfsi_plus_gutenburg_max_per_row":"","footnotes":""},"categories":[6],"tags":[],"class_list":["post-137651","post","type-post","status-publish","format-standard","has-post-thumbnail","hentry","category-cidades"],"_links":{"self":[{"href":"https:\/\/www.caririemacao.com\/1\/wp-json\/wp\/v2\/posts\/137651","targetHints":{"allow":["GET"]}}],"collection":[{"href":"https:\/\/www.caririemacao.com\/1\/wp-json\/wp\/v2\/posts"}],"about":[{"href":"https:\/\/www.caririemacao.com\/1\/wp-json\/wp\/v2\/types\/post"}],"author":[{"embeddable":true,"href":"https:\/\/www.caririemacao.com\/1\/wp-json\/wp\/v2\/users\/1"}],"replies":[{"embeddable":true,"href":"https:\/\/www.caririemacao.com\/1\/wp-json\/wp\/v2\/comments?post=137651"}],"version-history":[{"count":1,"href":"https:\/\/www.caririemacao.com\/1\/wp-json\/wp\/v2\/posts\/137651\/revisions"}],"predecessor-version":[{"id":137653,"href":"https:\/\/www.caririemacao.com\/1\/wp-json\/wp\/v2\/posts\/137651\/revisions\/137653"}],"wp:featuredmedia":[{"embeddable":true,"href":"https:\/\/www.caririemacao.com\/1\/wp-json\/wp\/v2\/media\/137652"}],"wp:attachment":[{"href":"https:\/\/www.caririemacao.com\/1\/wp-json\/wp\/v2\/media?parent=137651"}],"wp:term":[{"taxonomy":"category","embeddable":true,"href":"https:\/\/www.caririemacao.com\/1\/wp-json\/wp\/v2\/categories?post=137651"},{"taxonomy":"post_tag","embeddable":true,"href":"https:\/\/www.caririemacao.com\/1\/wp-json\/wp\/v2\/tags?post=137651"}],"curies":[{"name":"wp","href":"https:\/\/api.w.org\/{rel}","templated":true}]}}