{"id":137655,"date":"2019-11-24T18:30:53","date_gmt":"2019-11-24T21:30:53","guid":{"rendered":"http:\/\/www.caririemacao.com\/1\/?p=137655"},"modified":"2019-11-24T18:30:53","modified_gmt":"2019-11-24T21:30:53","slug":"apos-sugestao-de-empresarios-bolsonaro-confirma-interesse-em-exportar-madeira-nativa-da-amazonia","status":"publish","type":"post","link":"https:\/\/www.caririemacao.com\/1\/2019\/11\/24\/apos-sugestao-de-empresarios-bolsonaro-confirma-interesse-em-exportar-madeira-nativa-da-amazonia\/","title":{"rendered":"Ap\u00f3s sugest\u00e3o de empres\u00e1rios, Bolsonaro confirma interesse em exportar madeira nativa da Amaz\u00f4nia"},"content":{"rendered":"\n<p>O presidente Jair Bolsonaro confirmou neste s\u00e1bado (23), que o governo estuda liberar a exporta\u00e7\u00e3o de madeira in natura de \u00e1rvores nativas da Amaz\u00f4nia, conforme noticiou o Estado. A medida passou a ser estudada ap\u00f3s sugest\u00e3o de empres\u00e1rios do setor, mas representaria uma mudan\u00e7a in\u00e9dita na legisla\u00e7\u00e3o ambiental. <\/p>\n\n\n\n<p>\u201c\u00c9 melhor voc\u00ea exportar de forma legalizada do que de forma clandestina e continuar saindo do Brasil\u201d, alegou Jair Bolsonaro a jornalistas, ap\u00f3s participar de evento na Vila Militar, na zona oeste do Rio.<\/p>\n\n\n\n<p>Segundo o presidente, a medida teria que passar pelo parlamento. \u201c(<em>O ministro do Meio Ambiente<\/em>)&nbsp;Ricardo Salles&nbsp;vai me dar a palavra final na semana que vem\u201d, disse Bolsonaro.<\/p>\n\n\n\n<p>Questionado sobre a m\u00e1 repercuss\u00e3o internacional sobre o&nbsp;aumento nas queimadas e desmatamento&nbsp;no Pa\u00eds, Bolsonaro alfinetou parceiros internacionais e governos anteriores. \u201cPrimeiro, mudou o governo do Brasil. N\u00e3o tem mais presidente subserviente a alguns pa\u00edses da Europa.\u201d<\/p>\n\n\n\n<p>Bolsonaro disse, ainda, ser v\u00edtima de uma campanha caluniosa. \u201cTem uma campanha insidiosa buscando atingir o governo brasileiro. N\u00e3o cedemos. Queriam que passasse de 14% para 20% o porcentual de terras demarcadas pra \u00edndios no Brasil. N\u00e3o aceitamos isso, ent\u00e3o criaram essa campanha que n\u00e3o deu certo\u201d, afirmou Bolsonaro. \u201cTudo foi desmentido e aquele presidente que fez essa campanha recolheu-se ao seu devido lugar.\u201d<\/p>\n\n\n\n<p>O presidente brasileiro recebeu cr\u00edticas de governantes europeus acerca do aumento do desmatamento no Pa\u00eds e da recusa de recursos internacionais, como os do Fundo Amaz\u00f4nia, para ajudar na preserva\u00e7\u00e3o das florestas em territ\u00f3rio nacional. Um dos alvos de cr\u00edticas de Bolsonaro foi o presidente franc\u00eas Emmanuel Macron. \u201cN\u00e3o estou preocupado em perder aliado, eu n\u00e3o quero perder o Brasil, entendeu?\u201d, finalizou. Com informa\u00e7\u00f5es do Estad\u00e3o.<\/p>\n","protected":false},"excerpt":{"rendered":"<p>O presidente Jair Bolsonaro confirmou neste s\u00e1bado (23), que o governo estuda liberar a exporta\u00e7\u00e3o de madeira in natura de \u00e1rvores nativas da Amaz\u00f4nia, conforme&hellip; <\/p>\n","protected":false},"author":1,"featured_media":106813,"comment_status":"closed","ping_status":"closed","sticky":false,"template":"","format":"standard","meta":{"sfsi_plus_gutenberg_text_before_share":"","sfsi_plus_gutenberg_show_text_before_share":"","sfsi_plus_gutenberg_icon_type":"","sfsi_plus_gutenberg_icon_alignemt":"","sfsi_plus_gutenburg_max_per_row":"","footnotes":""},"categories":[11],"tags":[],"class_list":["post-137655","post","type-post","status-publish","format-standard","has-post-thumbnail","hentry","category-politica"],"_links":{"self":[{"href":"https:\/\/www.caririemacao.com\/1\/wp-json\/wp\/v2\/posts\/137655","targetHints":{"allow":["GET"]}}],"collection":[{"href":"https:\/\/www.caririemacao.com\/1\/wp-json\/wp\/v2\/posts"}],"about":[{"href":"https:\/\/www.caririemacao.com\/1\/wp-json\/wp\/v2\/types\/post"}],"author":[{"embeddable":true,"href":"https:\/\/www.caririemacao.com\/1\/wp-json\/wp\/v2\/users\/1"}],"replies":[{"embeddable":true,"href":"https:\/\/www.caririemacao.com\/1\/wp-json\/wp\/v2\/comments?post=137655"}],"version-history":[{"count":1,"href":"https:\/\/www.caririemacao.com\/1\/wp-json\/wp\/v2\/posts\/137655\/revisions"}],"predecessor-version":[{"id":137656,"href":"https:\/\/www.caririemacao.com\/1\/wp-json\/wp\/v2\/posts\/137655\/revisions\/137656"}],"wp:featuredmedia":[{"embeddable":true,"href":"https:\/\/www.caririemacao.com\/1\/wp-json\/wp\/v2\/media\/106813"}],"wp:attachment":[{"href":"https:\/\/www.caririemacao.com\/1\/wp-json\/wp\/v2\/media?parent=137655"}],"wp:term":[{"taxonomy":"category","embeddable":true,"href":"https:\/\/www.caririemacao.com\/1\/wp-json\/wp\/v2\/categories?post=137655"},{"taxonomy":"post_tag","embeddable":true,"href":"https:\/\/www.caririemacao.com\/1\/wp-json\/wp\/v2\/tags?post=137655"}],"curies":[{"name":"wp","href":"https:\/\/api.w.org\/{rel}","templated":true}]}}