{"id":137687,"date":"2019-11-25T07:30:04","date_gmt":"2019-11-25T10:30:04","guid":{"rendered":"http:\/\/www.caririemacao.com\/1\/?p=137687"},"modified":"2019-11-25T07:30:04","modified_gmt":"2019-11-25T10:30:04","slug":"marcia-fellipe-canta-no-cruzeiro-de-safadao-e-diz-ter-superado-polemica-sobre-irma-dulce","status":"publish","type":"post","link":"https:\/\/www.caririemacao.com\/1\/2019\/11\/25\/marcia-fellipe-canta-no-cruzeiro-de-safadao-e-diz-ter-superado-polemica-sobre-irma-dulce\/","title":{"rendered":"Marcia Fellipe canta no cruzeiro de Safad\u00e3o e diz ter superado pol\u00eamica sobre irm\u00e3 Dulce"},"content":{"rendered":"\n<p>Para a cantora Marcia Fellipe, 40, o ano de 2019 foi tempo de colher os frutos de todo seu trabalho. Um desses frutos \u00e9 poder participar do WS on Board, o Cruzeiro do Wesley Safad\u00e3o, que saiu o porto de Santos neste s\u00e1bado (23).<\/p>\n\n\n\n<p>Pouco antes de subir no palco, ela ainda falou sobre seus planos para o Carnaval, e afirmou que j\u00e1 superou as cr\u00edticas que sofreu nas redes sociais, ap\u00f3s seu coment\u00e1rio sobre a canoniza\u00e7\u00e3o da Irm\u00e3 Dulce.<\/p>\n\n\n\n<p>&#8220;\u00c9 muito bacana participar de um evento como esse, de poder cantar pra cada brasileiro, para pessoas que v\u00eam de cada pedacinho do nosso pa\u00eds. E um cruzeiro \u00e9 muito diferenciado, porque todo mundo que vem, vem para se jogar mesmo&#8221;, afirma a artista, que se apresentou na noite de s\u00e1bado no WS on Board, no mesmo palco de Aldair Playboy e Bell Marques.<\/p>\n\n\n\n<p>Fellipe enfrentou uma pol\u00eamica recente, e alguns internautas chegaram a pedir que o show dela fosse cancelado em alguns eventos, como o da Festa da Luz, na Para\u00edba, programada para janeiro de 2020.<\/p>\n\n\n\n<p>Na sua p\u00e1gina do Instagram, a cantora afirmou que n\u00e3o seria certo considerar um ser humano santo, em refer\u00eancia a canoniza\u00e7\u00e3o da brasileira Irm\u00e3 Dulce pelo Vaticano: &#8220;Ajudar o pr\u00f3ximo, sim! Mas n\u00e3o faz nenhum ser humano ser &#8216;santo&#8217;. Santo s\u00f3 o senhor Jesus Cristo. N\u00e3o se deixem enganar (leiam a B\u00edblia). &#8216;E conhecereis a verdade, e a verdade vos libertar\u00e1&#8217;. Jo\u00e3o 8:32&#8221;, publicou.<\/p>\n\n\n\n<p>Para a cantora, quando se fala algo na internet, \u00e9 preciso estar disposto a ouvir todo o tipo de rea\u00e7\u00e3o. &#8220;Sou ser humano e tenho o direito de falar minha opini\u00e3o, mas n\u00e3o quis ofender a f\u00e9 de ningu\u00e9m. Jesus disse que a gente n\u00e3o tem que ter vergonha de falar sobre o que leu no evangelho. Somos um pa\u00eds laico e todo o mundo tem o direito de pensar e ter a sua opini\u00e3o&#8221;, afirmou a cantora.<\/p>\n\n\n\n<p>O Carnaval j\u00e1 est\u00e1 tamb\u00e9m nos planos de Fellipe, que vai apostar na m\u00fasica &#8220;Cruz Quero&#8221;, parceria com MC Don Juan. &#8220;\u00c9 uma m\u00fasica que conta uma hist\u00f3ria bonita de algu\u00e9m que quer um compromisso, mas n\u00e3o deixa t\u00e3o claro assim&#8221;, explica ela. &#8220;Ter\u00e3o mais novidades, unindo m\u00fasicas novas e tudo o que j\u00e1 gravei como &#8216;O Retorno&#8217;, que faz uma retrospectiva de todos os sucessos de minha carreira&#8221;, afirma Fellipe.<\/p>\n\n\n\n<p>SAFAD\u00c3O<\/p>\n\n\n\n<p>O WS On Board saiu do porto de Santos neste s\u00e1bado (23), passou por B\u00fazios e Ilha Grande, no Rio de Janeiro, e a partir desta segunda come\u00e7a a voltar para Santos. Safad\u00e3o embarcou em B\u00fazios para o show deste domingo (24). Devido a apertada agenda de shows, o cantor n\u00e3o conseguir\u00e1 passar o tempo todo no navio.<\/p>\n\n\n\n<p>No ano passado, o artista cantou mais de seis horas seguidas, e, desta vez, tamb\u00e9m promete cantar at\u00e9 aguentar. F\u00e3s tentaram ficar pr\u00f3ximos \u00e0s principais entradas do navio para poder ver Safad\u00e3o de perto.<\/p>\n\n\n\n<p>O cruzeiro, que est\u00e1 enfrentando mau tempo e chuva, est\u00e1 testando os limites dos passageiros com muito balan\u00e7o. Ningu\u00e9m pode descer em B\u00fazios, onde os turistas imaginaram passar o dia. O navio saiu de Santos lotado. A embarca\u00e7\u00e3o tem capacidade para 4.353 passageiros em 1.6378 cabines.<\/p>\n\n\n\n<p>A ideia do Cruzeiro WS on Board surgiu em 2015 durante show de Wesley Safad\u00e3o em Bras\u00edlia. De l\u00e1 para c\u00e1, o cantor foi buscando parcerias e consolidando sua carreira solo, que come\u00e7ou em 2014, ap\u00f3s deixar a banda Garota Safada.<\/p>\n","protected":false},"excerpt":{"rendered":"<p>Para a cantora Marcia Fellipe, 40, o ano de 2019 foi tempo de colher os frutos de todo seu trabalho. Um desses frutos \u00e9 poder&hellip; <\/p>\n","protected":false},"author":1,"featured_media":137688,"comment_status":"closed","ping_status":"closed","sticky":false,"template":"","format":"standard","meta":{"sfsi_plus_gutenberg_text_before_share":"","sfsi_plus_gutenberg_show_text_before_share":"","sfsi_plus_gutenberg_icon_type":"","sfsi_plus_gutenberg_icon_alignemt":"","sfsi_plus_gutenburg_max_per_row":"","footnotes":""},"categories":[2],"tags":[],"class_list":["post-137687","post","type-post","status-publish","format-standard","has-post-thumbnail","hentry","category-geral"],"_links":{"self":[{"href":"https:\/\/www.caririemacao.com\/1\/wp-json\/wp\/v2\/posts\/137687","targetHints":{"allow":["GET"]}}],"collection":[{"href":"https:\/\/www.caririemacao.com\/1\/wp-json\/wp\/v2\/posts"}],"about":[{"href":"https:\/\/www.caririemacao.com\/1\/wp-json\/wp\/v2\/types\/post"}],"author":[{"embeddable":true,"href":"https:\/\/www.caririemacao.com\/1\/wp-json\/wp\/v2\/users\/1"}],"replies":[{"embeddable":true,"href":"https:\/\/www.caririemacao.com\/1\/wp-json\/wp\/v2\/comments?post=137687"}],"version-history":[{"count":1,"href":"https:\/\/www.caririemacao.com\/1\/wp-json\/wp\/v2\/posts\/137687\/revisions"}],"predecessor-version":[{"id":137689,"href":"https:\/\/www.caririemacao.com\/1\/wp-json\/wp\/v2\/posts\/137687\/revisions\/137689"}],"wp:featuredmedia":[{"embeddable":true,"href":"https:\/\/www.caririemacao.com\/1\/wp-json\/wp\/v2\/media\/137688"}],"wp:attachment":[{"href":"https:\/\/www.caririemacao.com\/1\/wp-json\/wp\/v2\/media?parent=137687"}],"wp:term":[{"taxonomy":"category","embeddable":true,"href":"https:\/\/www.caririemacao.com\/1\/wp-json\/wp\/v2\/categories?post=137687"},{"taxonomy":"post_tag","embeddable":true,"href":"https:\/\/www.caririemacao.com\/1\/wp-json\/wp\/v2\/tags?post=137687"}],"curies":[{"name":"wp","href":"https:\/\/api.w.org\/{rel}","templated":true}]}}