{"id":137693,"date":"2019-11-25T07:32:08","date_gmt":"2019-11-25T10:32:08","guid":{"rendered":"http:\/\/www.caririemacao.com\/1\/?p=137693"},"modified":"2019-11-25T07:32:08","modified_gmt":"2019-11-25T10:32:08","slug":"orientado-por-lula-pt-ajusta-discurso-e-aposta-em-pib-fragil-sob-bolsonaro","status":"publish","type":"post","link":"https:\/\/www.caririemacao.com\/1\/2019\/11\/25\/orientado-por-lula-pt-ajusta-discurso-e-aposta-em-pib-fragil-sob-bolsonaro\/","title":{"rendered":"Orientado por Lula, PT ajusta discurso e aposta em PIB fr\u00e1gil sob Bolsonaro"},"content":{"rendered":"\n<p>&nbsp;A perspectiva de algum crescimento econ\u00f4mico a partir de 2020 fez o PT ajustar o discurso cr\u00edtico ao governo do presidente Jair Bolsonaro (sem partido).<\/p>\n\n\n\n<p>A legenda agora concede que vem a\u00ed uma retomada, ainda que modesta, mas passou a centrar fogo na qualidade dos empregos gerados e na aposta de que a melhora do ambiente econ\u00f4mico ser\u00e1 sentida por apenas uma parcela da popula\u00e7\u00e3o, o que deve contribuir para o aumento da desigualdade social.<\/p>\n\n\n\n<p>Como sempre ocorre no partido, a senha foi dada pelo ex-presidente Luiz In\u00e1cio Lula da Silva, ainda de dentro da pris\u00e3o.<\/p>\n\n\n\n<p>Mais do que a cr\u00edtica \u00e0 Opera\u00e7\u00e3o Lava Jato e \u00e0 pauta conservadora do governo, a prioridade da sigla ser\u00e1 a quest\u00e3o econ\u00f4mica.<\/p>\n\n\n\n<p>Ao deixar a pris\u00e3o, no \u00faltimo dia 8, ap\u00f3s 580 dias preso, o ex-presidente bateu duro na situa\u00e7\u00e3o econ\u00f4mica, sobretudo nos empregos prec\u00e1rios que v\u00eam sendo gerados, simbolizados na imagem de entregadores de pizza que trabalham para aplicativos.<\/p>\n\n\n\n<p>Tamb\u00e9m falou sobre a entrega do patrim\u00f4nio p\u00fablico brasileiro pelo governo.<\/p>\n\n\n\n<p>&#8220;Pode haver algum crescimento, mas seu efeito n\u00e3o chega \u00e0 porta da casa do trabalhador. Vai ser muito concentrado numa determinada faixa da popula\u00e7\u00e3o, mais favorecida&#8221;, diz o ex-prefeito paulistano Fernando Haddad (PT), que disputou a elei\u00e7\u00e3o presidencial de 2018 contra Bolsonaro.<\/p>\n\n\n\n<p>Em documento econ\u00f4mico lan\u00e7ado em agosto, quando a retomada ainda era menos comentada por analistas, o PT j\u00e1 esbo\u00e7ava um discurso nessa linha.<\/p>\n\n\n\n<p>&#8220;Ainda que a atual equipe econ\u00f4mica possa produzir melhoras pontuais nas expectativas empresariais e alguma recupera\u00e7\u00e3o epis\u00f3dica, n\u00e3o ser\u00e1 capaz de construi um ciclo sustent\u00e1vel de investimentos e um novo modelo de desenvolvimento socialmente inclusivo&#8221;, diz trecho do Plano Emergencial de Recupera\u00e7\u00e3o de Emprego e Renda, lan\u00e7ado pelo diret\u00f3rio nacional petista.<\/p>\n\n\n\n<p>As previs\u00f5es de analistas s\u00e3o de que o crescimento do PIB em 2020 fique de 2% a 2,5%, puxado pelas taxas de juros em seu piso hist\u00f3rico. Juros baixos tendem a favorecer o consumo e a desestimular que o dinheiro seja aplicado em investimentos.<\/p>\n\n\n\n<p>Isso n\u00e3o se reflete imediatamente no n\u00edvel de pessoas ocupadas, contudo, e o pr\u00f3prio Bolsonaro foi comedido ao estabelecer uma meta para esse ponto at\u00e9 o final de seu mandato. Disse que quer chegar a 2022 com menos de 10 milh\u00f5es de desempregados no pa\u00eds (s\u00e3o atualmente 12,8 milh\u00f5es).<\/p>\n\n\n\n<p>O l\u00edder do PT no Senado, Humberto Costa (PE), afirma que o eventual crescimento previsto para 2020 n\u00e3o ser\u00e1 sustent\u00e1vel. &#8220;O Brasil pode at\u00e9 viver um processo de crescimento, mas ser\u00e1 de estilo voo de galinha.&#8221;<\/p>\n\n\n\n<p>&#8220;Os empregos que est\u00e3o sendo criados s\u00e3o extremamente prec\u00e1rios. T\u00eam baixa remunera\u00e7\u00e3o e quase nenhum direito. Isso termina n\u00e3o trazendo o sentimento de melhora para popula\u00e7\u00e3o&#8221;, diz o senador.<\/p>\n\n\n\n<p>A aposta do partido \u00e9 que o componente nacional ser\u00e1 forte na elei\u00e7\u00e3o municipal de 2020, polarizada nas figuras de Bolsonaro e Lula.<\/p>\n\n\n\n<p>Nesse cen\u00e1rio, a situa\u00e7\u00e3o econ\u00f4mica acabar\u00e1 se impondo como o tema principal da campanha.<\/p>\n\n\n\n<p>&#8220;Outro ponto a ser abordado pelos petistas \u00e9 rotular a agenda do ministro Paulo Guedes (Economia) de ultraliberal e vincul\u00e1-la a um processo de destrui\u00e7\u00e3o do setor p\u00fablico e vassalagem aos interesses americanos.<\/p>\n\n\n\n<p>Embora pare\u00e7a um discurso um tanto embolorado, pode ter apelo num momento em que Bolsonaro se alia fortemente ao presidente americano, Donald Trump.<br>&#8220;\u00c9 hora de deixar claro que isso aqui est\u00e1 virando um quintal dos EUA&#8221;, afirma Fernando Haddad.<\/p>\n\n\n\n<p>O documento econ\u00f4mico que foi lan\u00e7ado em agosto trata do tema. &#8220;As reformas ultraliberalizantes e a ortodoxia fiscal da gest\u00e3o Guedes-Bolsonaro est\u00e3o desmontando e comprometendo estruturas fundamentais para o desenvolvimento da ind\u00fastria e da economia brasileira&#8221;, diz o texto.<\/p>\n\n\n\n<p>O texto cita como exemplos desse suposto desmonte a amea\u00e7a de privatiza\u00e7\u00e3o de bancos p\u00fablicos, a aprova\u00e7\u00e3o do acordo entre Embraer e Boeing e o abandono de instrumentos de defesa comercial, entre outros pontos.<\/p>\n\n\n\n<p>&#8220;Para o deputado federal e ex-ministro da Sa\u00fade Alexandre Padilha (SP), a pol\u00edtica econ\u00f4mica de Bolsonaro \u00e9 simbolizada pela meta de corte do desemprego, que ele chama de &#8220;p\u00edfia&#8221;.<\/p>\n\n\n\n<p>&#8220;Um governo que estabelece como meta terminar o governo com 10 milh\u00f5es de desempregados n\u00e3o tem credibilidade&#8221;, declara. &#8220;Previram crescer 2,5% este ano e n\u00e3o v\u00e3o conseguir. Agora est\u00e3o jogando para o ano que vem&#8221;, diz Padilha.<\/p>\n\n\n\n<p>A previs\u00e3o de analistas, registrada na \u00faltima edi\u00e7\u00e3o do boletim Focus, do Banco Central, \u00e9 de crescimento de 0,92% para 2019.<\/p>\n\n\n\n<p>Segundo o ex-ministro, o PT vai se concentrar nos pr\u00f3ximos meses nos temas do emprego e do sofrimento das pessoas, al\u00e9m de insistir na falta de preparo da equipe econ\u00f4mica.<\/p>\n\n\n\n<p>&#8220;O Guedes a cada dia vem com uma coisa nova, e o Bolsonaro muda todas as medidas que ele apresenta&#8221;, diz.<\/p>\n","protected":false},"excerpt":{"rendered":"<p>&nbsp;A perspectiva de algum crescimento econ\u00f4mico a partir de 2020 fez o PT ajustar o discurso cr\u00edtico ao governo do presidente Jair Bolsonaro (sem partido).&hellip; <\/p>\n","protected":false},"author":1,"featured_media":137695,"comment_status":"closed","ping_status":"closed","sticky":false,"template":"","format":"standard","meta":{"sfsi_plus_gutenberg_text_before_share":"","sfsi_plus_gutenberg_show_text_before_share":"","sfsi_plus_gutenberg_icon_type":"","sfsi_plus_gutenberg_icon_alignemt":"","sfsi_plus_gutenburg_max_per_row":"","footnotes":""},"categories":[11],"tags":[],"class_list":["post-137693","post","type-post","status-publish","format-standard","has-post-thumbnail","hentry","category-politica"],"_links":{"self":[{"href":"https:\/\/www.caririemacao.com\/1\/wp-json\/wp\/v2\/posts\/137693","targetHints":{"allow":["GET"]}}],"collection":[{"href":"https:\/\/www.caririemacao.com\/1\/wp-json\/wp\/v2\/posts"}],"about":[{"href":"https:\/\/www.caririemacao.com\/1\/wp-json\/wp\/v2\/types\/post"}],"author":[{"embeddable":true,"href":"https:\/\/www.caririemacao.com\/1\/wp-json\/wp\/v2\/users\/1"}],"replies":[{"embeddable":true,"href":"https:\/\/www.caririemacao.com\/1\/wp-json\/wp\/v2\/comments?post=137693"}],"version-history":[{"count":1,"href":"https:\/\/www.caririemacao.com\/1\/wp-json\/wp\/v2\/posts\/137693\/revisions"}],"predecessor-version":[{"id":137696,"href":"https:\/\/www.caririemacao.com\/1\/wp-json\/wp\/v2\/posts\/137693\/revisions\/137696"}],"wp:featuredmedia":[{"embeddable":true,"href":"https:\/\/www.caririemacao.com\/1\/wp-json\/wp\/v2\/media\/137695"}],"wp:attachment":[{"href":"https:\/\/www.caririemacao.com\/1\/wp-json\/wp\/v2\/media?parent=137693"}],"wp:term":[{"taxonomy":"category","embeddable":true,"href":"https:\/\/www.caririemacao.com\/1\/wp-json\/wp\/v2\/categories?post=137693"},{"taxonomy":"post_tag","embeddable":true,"href":"https:\/\/www.caririemacao.com\/1\/wp-json\/wp\/v2\/tags?post=137693"}],"curies":[{"name":"wp","href":"https:\/\/api.w.org\/{rel}","templated":true}]}}