{"id":137708,"date":"2019-11-25T07:37:19","date_gmt":"2019-11-25T10:37:19","guid":{"rendered":"http:\/\/www.caririemacao.com\/1\/?p=137708"},"modified":"2019-11-25T07:37:19","modified_gmt":"2019-11-25T10:37:19","slug":"bolsonaro-manda-fab-interceptar-voo-do-flamengo-para-dar-parabens-ao-time","status":"publish","type":"post","link":"https:\/\/www.caririemacao.com\/1\/2019\/11\/25\/bolsonaro-manda-fab-interceptar-voo-do-flamengo-para-dar-parabens-ao-time\/","title":{"rendered":"Bolsonaro manda FAB interceptar voo do Flamengo para dar parab\u00e9ns ao time"},"content":{"rendered":"\n<p>A For\u00e7a A\u00e9rea Brasileira, a pedido do presidente Jair Bolsonaro, interceptou o avi\u00e3o que trazia jogadores e comiss\u00e3o t\u00e9cnica do Flamengo para parabenizar pela conquista do bicampeonato da Ta\u00e7a Libertadores da Am\u00e9rica.&nbsp;<\/p>\n\n\n\n<p>A mensagem foi lida antes de a aeronave pousar no Aeroporto Internacional do Gale\u00e3o, no Rio, no fim&nbsp; da manh\u00e3 deste domingo.<\/p>\n\n\n\n<p>\u2014 A For\u00e7a A\u00e9rea Brasileira, em nome do presidente da Rep\u00fablica, Jair Bolsonaro, d\u00e1 as boas-vindas ao time do Flamengo e felicita a equipe campe\u00e3 que t\u00e3o bem representou o Brasil para a conquista da Copa Libertadores da Am\u00e9rica. Brasil acima de tudo. Parab\u00e9ns \u2014 falou um integrante da FAB.<\/p>\n\n\n\n<p>O v\u00eddeo com o \u00e1udio foi postado nas redes sociais pelo presidente. N\u00e3o h\u00e1 registro de como a rea\u00e7\u00e3o do time \u00e0 mensagem de Bolsonaro.<\/p>\n\n\n\n<p>Nas redes sociais, o&nbsp;<a href=\"https:\/\/twitter.com\/Flamengo\/status\/1198596774086238208?ref_src=twsrc%5Etfw%7Ctwcamp%5Etweetembed%7Ctwterm%5E1198596774086238208&amp;ref_url=https%3A%2F%2Foglobo.globo.com%2Fbrasil%2Fbolsonaro-manda-fab-interceptar-voo-do-flamengo-para-dar-parabens-ao-time-24097926\">perfil oficial do Flamengo publicou uma foto do avi\u00e3o da FAB<\/a>, que acompanhou a aeronave que trazia o time campe\u00e3o da Libertadores na chegado ao Rio.<\/p>\n\n\n\n<p>Nesta manh\u00e3, por cerca de 20 minutos, o presidente andou de moto dentro do Pal\u00e1cio do Alvorada vestindo uma camisa da Portuguesa Santista, que foi dada a ele de presente&nbsp; quando esteve em Santos.&nbsp; A Honda 750 azul foi comprada no in\u00edcio do m\u00eas em uma concession\u00e1ria em Bras\u00edlia. Na ocasi\u00e3o, quando foi busc\u00e1-la, Bolsonaro enfatizou que a Honda 750 azul foi comprada com o seu cart\u00e3o. Segundo o site da empresa, ela custa R$ 33,9 mil.<\/p>\n\n\n\n<p>Antes do in\u00edcio da final da Libertadores, Bolsonaro demonstrou confian\u00e7a na vit\u00f3ria do rubro-negro. E disse que assistiria ao \u00faltimo jogo do clube no Brasileir\u00e3o e sinalizou que pode ir at\u00e9 ao Catar na Copa do Mundo de Clubes Fifa.<\/p>\n\n\n\n<p>\u2014 Se ganhar, j\u00e1 vou marcar minha ida ao \u00faltimo jogo do Brasileiro tamb\u00e9m. E quem sabe&#8230; vai ser onde? No Catar? Quem sabe no Catar \u2014 disse.<\/p>\n\n\n\n<p>O campe\u00e3o da Libertadores faz a primeira partida do Mundial no dia 17 de dezembro. A final est\u00e1 marcada para o dia 21.<\/p>\n","protected":false},"excerpt":{"rendered":"<p>A For\u00e7a A\u00e9rea Brasileira, a pedido do presidente Jair Bolsonaro, interceptou o avi\u00e3o que trazia jogadores e comiss\u00e3o t\u00e9cnica do Flamengo para parabenizar pela conquista&hellip; <\/p>\n","protected":false},"author":1,"featured_media":137709,"comment_status":"closed","ping_status":"closed","sticky":false,"template":"","format":"standard","meta":{"sfsi_plus_gutenberg_text_before_share":"","sfsi_plus_gutenberg_show_text_before_share":"","sfsi_plus_gutenberg_icon_type":"","sfsi_plus_gutenberg_icon_alignemt":"","sfsi_plus_gutenburg_max_per_row":"","footnotes":""},"categories":[11],"tags":[],"class_list":["post-137708","post","type-post","status-publish","format-standard","has-post-thumbnail","hentry","category-politica"],"_links":{"self":[{"href":"https:\/\/www.caririemacao.com\/1\/wp-json\/wp\/v2\/posts\/137708","targetHints":{"allow":["GET"]}}],"collection":[{"href":"https:\/\/www.caririemacao.com\/1\/wp-json\/wp\/v2\/posts"}],"about":[{"href":"https:\/\/www.caririemacao.com\/1\/wp-json\/wp\/v2\/types\/post"}],"author":[{"embeddable":true,"href":"https:\/\/www.caririemacao.com\/1\/wp-json\/wp\/v2\/users\/1"}],"replies":[{"embeddable":true,"href":"https:\/\/www.caririemacao.com\/1\/wp-json\/wp\/v2\/comments?post=137708"}],"version-history":[{"count":1,"href":"https:\/\/www.caririemacao.com\/1\/wp-json\/wp\/v2\/posts\/137708\/revisions"}],"predecessor-version":[{"id":137710,"href":"https:\/\/www.caririemacao.com\/1\/wp-json\/wp\/v2\/posts\/137708\/revisions\/137710"}],"wp:featuredmedia":[{"embeddable":true,"href":"https:\/\/www.caririemacao.com\/1\/wp-json\/wp\/v2\/media\/137709"}],"wp:attachment":[{"href":"https:\/\/www.caririemacao.com\/1\/wp-json\/wp\/v2\/media?parent=137708"}],"wp:term":[{"taxonomy":"category","embeddable":true,"href":"https:\/\/www.caririemacao.com\/1\/wp-json\/wp\/v2\/categories?post=137708"},{"taxonomy":"post_tag","embeddable":true,"href":"https:\/\/www.caririemacao.com\/1\/wp-json\/wp\/v2\/tags?post=137708"}],"curies":[{"name":"wp","href":"https:\/\/api.w.org\/{rel}","templated":true}]}}