{"id":137713,"date":"2019-11-25T07:41:19","date_gmt":"2019-11-25T10:41:19","guid":{"rendered":"http:\/\/www.caririemacao.com\/1\/?p=137713"},"modified":"2019-11-25T07:41:19","modified_gmt":"2019-11-25T10:41:19","slug":"homem-e-morto-a-tiros-as-margens-da-br-412-na-regiao-do-cariri","status":"publish","type":"post","link":"https:\/\/www.caririemacao.com\/1\/2019\/11\/25\/homem-e-morto-a-tiros-as-margens-da-br-412-na-regiao-do-cariri\/","title":{"rendered":"Homem \u00e9 morto a tiros \u00e0s margens da BR-412, na regi\u00e3o do Cariri"},"content":{"rendered":"\n<p>Na madrugada deste s\u00e1bado(23) por volta das duas horas da manh\u00e3, um homic\u00eddio foi registrado na cidade de Monteiro, Cariri da Para\u00edba.<\/p>\n\n\n\n<p>Segundo informa\u00e7\u00f5es, um homem conhecido popularmente como Branquinho da rua do matadouro foi morto a tiros pr\u00f3ximo a \u2018Pousada de seu Ti\u00e3o\u2019 que fica localizada \u00e0s margens da BR-412, em Monteiro.<\/p>\n\n\n\n<p>H\u00e1 informa\u00e7\u00f5es de que a v\u00edtima estaria em uma boate e ao retornar para casa parou numa borracharia para encher o pneu de sua motocicleta, quando foi alvejado por v\u00e1rios tiros.<\/p>\n\n\n\n<p>Ainda n\u00e3o se sabe quem teria sido o autor dos disparos. As Pol\u00edcias Militares, Civil e o GEMOL se encontram no local e o caso ser\u00e1 investigado pelas for\u00e7as policiais de Monteiro.<\/p>\n","protected":false},"excerpt":{"rendered":"<p>Na madrugada deste s\u00e1bado(23) por volta das duas horas da manh\u00e3, um homic\u00eddio foi registrado na cidade de Monteiro, Cariri da Para\u00edba. Segundo informa\u00e7\u00f5es, um&hellip; <\/p>\n","protected":false},"author":1,"featured_media":137715,"comment_status":"closed","ping_status":"closed","sticky":false,"template":"","format":"standard","meta":{"sfsi_plus_gutenberg_text_before_share":"","sfsi_plus_gutenberg_show_text_before_share":"","sfsi_plus_gutenberg_icon_type":"","sfsi_plus_gutenberg_icon_alignemt":"","sfsi_plus_gutenburg_max_per_row":"","footnotes":""},"categories":[12],"tags":[],"class_list":["post-137713","post","type-post","status-publish","format-standard","has-post-thumbnail","hentry","category-policia"],"_links":{"self":[{"href":"https:\/\/www.caririemacao.com\/1\/wp-json\/wp\/v2\/posts\/137713","targetHints":{"allow":["GET"]}}],"collection":[{"href":"https:\/\/www.caririemacao.com\/1\/wp-json\/wp\/v2\/posts"}],"about":[{"href":"https:\/\/www.caririemacao.com\/1\/wp-json\/wp\/v2\/types\/post"}],"author":[{"embeddable":true,"href":"https:\/\/www.caririemacao.com\/1\/wp-json\/wp\/v2\/users\/1"}],"replies":[{"embeddable":true,"href":"https:\/\/www.caririemacao.com\/1\/wp-json\/wp\/v2\/comments?post=137713"}],"version-history":[{"count":1,"href":"https:\/\/www.caririemacao.com\/1\/wp-json\/wp\/v2\/posts\/137713\/revisions"}],"predecessor-version":[{"id":137716,"href":"https:\/\/www.caririemacao.com\/1\/wp-json\/wp\/v2\/posts\/137713\/revisions\/137716"}],"wp:featuredmedia":[{"embeddable":true,"href":"https:\/\/www.caririemacao.com\/1\/wp-json\/wp\/v2\/media\/137715"}],"wp:attachment":[{"href":"https:\/\/www.caririemacao.com\/1\/wp-json\/wp\/v2\/media?parent=137713"}],"wp:term":[{"taxonomy":"category","embeddable":true,"href":"https:\/\/www.caririemacao.com\/1\/wp-json\/wp\/v2\/categories?post=137713"},{"taxonomy":"post_tag","embeddable":true,"href":"https:\/\/www.caririemacao.com\/1\/wp-json\/wp\/v2\/tags?post=137713"}],"curies":[{"name":"wp","href":"https:\/\/api.w.org\/{rel}","templated":true}]}}