{"id":137717,"date":"2019-11-25T07:45:56","date_gmt":"2019-11-25T10:45:56","guid":{"rendered":"http:\/\/www.caririemacao.com\/1\/?p=137717"},"modified":"2019-11-25T07:45:56","modified_gmt":"2019-11-25T10:45:56","slug":"gleisi-hoffman-e-reeleita-presidente-nacional-do-partido-dos-trabalhadores","status":"publish","type":"post","link":"https:\/\/www.caririemacao.com\/1\/2019\/11\/25\/gleisi-hoffman-e-reeleita-presidente-nacional-do-partido-dos-trabalhadores\/","title":{"rendered":"Gleisi Hoffman \u00e9 reeleita presidente nacional do Partido dos Trabalhadores"},"content":{"rendered":"\n<p>\u00a0O Partido dos Trabalhadores (PT) reelegeu, neste domingo (24), a deputada federal pelo Paran\u00e1, Gleisi Hoffman, como presidente da legenda.<\/p>\n\n\n\n<p>A elei\u00e7\u00e3o foi feita durante o&nbsp;7\u00ba Congresso do partido, que aconteceu durante os dias 22, 23 e 24 em&nbsp;S\u00e3o Paulo&nbsp;e elegeu tamb\u00e9m os membros do Diret\u00f3rio Nacional.<\/p>\n\n\n\n<p>Gleisi Hoffmann obteve 558 votos (71,74%) contra 91 votos (11,67 de%) Valter Pomar, militante do partido e ex-secret\u00e1rio executivo do Foro de S\u00e3o Paulo. Margarida Salom\u00e3o, deputada federal por Minas Gerais, obteve 131 votos (16,79%).<\/p>\n\n\n\n<p><strong>MaisPB<\/strong><\/p>\n","protected":false},"excerpt":{"rendered":"<p>\u00a0O Partido dos Trabalhadores (PT) reelegeu, neste domingo (24), a deputada federal pelo Paran\u00e1, Gleisi Hoffman, como presidente da legenda. A elei\u00e7\u00e3o foi feita durante&hellip; <\/p>\n","protected":false},"author":1,"featured_media":137719,"comment_status":"closed","ping_status":"closed","sticky":false,"template":"","format":"standard","meta":{"sfsi_plus_gutenberg_text_before_share":"","sfsi_plus_gutenberg_show_text_before_share":"","sfsi_plus_gutenberg_icon_type":"","sfsi_plus_gutenberg_icon_alignemt":"","sfsi_plus_gutenburg_max_per_row":"","footnotes":""},"categories":[11],"tags":[],"class_list":["post-137717","post","type-post","status-publish","format-standard","has-post-thumbnail","hentry","category-politica"],"_links":{"self":[{"href":"https:\/\/www.caririemacao.com\/1\/wp-json\/wp\/v2\/posts\/137717","targetHints":{"allow":["GET"]}}],"collection":[{"href":"https:\/\/www.caririemacao.com\/1\/wp-json\/wp\/v2\/posts"}],"about":[{"href":"https:\/\/www.caririemacao.com\/1\/wp-json\/wp\/v2\/types\/post"}],"author":[{"embeddable":true,"href":"https:\/\/www.caririemacao.com\/1\/wp-json\/wp\/v2\/users\/1"}],"replies":[{"embeddable":true,"href":"https:\/\/www.caririemacao.com\/1\/wp-json\/wp\/v2\/comments?post=137717"}],"version-history":[{"count":1,"href":"https:\/\/www.caririemacao.com\/1\/wp-json\/wp\/v2\/posts\/137717\/revisions"}],"predecessor-version":[{"id":137720,"href":"https:\/\/www.caririemacao.com\/1\/wp-json\/wp\/v2\/posts\/137717\/revisions\/137720"}],"wp:featuredmedia":[{"embeddable":true,"href":"https:\/\/www.caririemacao.com\/1\/wp-json\/wp\/v2\/media\/137719"}],"wp:attachment":[{"href":"https:\/\/www.caririemacao.com\/1\/wp-json\/wp\/v2\/media?parent=137717"}],"wp:term":[{"taxonomy":"category","embeddable":true,"href":"https:\/\/www.caririemacao.com\/1\/wp-json\/wp\/v2\/categories?post=137717"},{"taxonomy":"post_tag","embeddable":true,"href":"https:\/\/www.caririemacao.com\/1\/wp-json\/wp\/v2\/tags?post=137717"}],"curies":[{"name":"wp","href":"https:\/\/api.w.org\/{rel}","templated":true}]}}