{"id":137727,"date":"2019-11-25T09:22:53","date_gmt":"2019-11-25T12:22:53","guid":{"rendered":"http:\/\/www.caririemacao.com\/1\/?p=137727"},"modified":"2019-11-25T09:22:53","modified_gmt":"2019-11-25T12:22:53","slug":"aposentados-comecam-a-receber-hoje-a-segunda-parcela-do-13o","status":"publish","type":"post","link":"https:\/\/www.caririemacao.com\/1\/2019\/11\/25\/aposentados-comecam-a-receber-hoje-a-segunda-parcela-do-13o\/","title":{"rendered":"Aposentados come\u00e7am a receber hoje a segunda parcela do 13\u00ba"},"content":{"rendered":"\n<p>O pagamento da segunda parcela do 13\u00ba sal\u00e1rio para aposentados e pensionistas do Instituto Nacional do Seguro Social (INSS) come\u00e7a nesta segunda-feira (25).<\/p>\n\n\n\n<p>Os dep\u00f3sitos ser\u00e3o feitos at\u00e9 o dia 6 de dezembro, junto com o pagamento do benef\u00edcio de novembro, conforme o calend\u00e1rio oficial de 2019. Para aqueles que recebem benef\u00edcios acima de 1 sal\u00e1rio m\u00ednimo, o pagamento come\u00e7a no dia 2 de dezembro. Veja mais abaixo o calend\u00e1rio.<\/p>\n\n\n\n<p>Os valores ser\u00e3o depositados na conta corrente em que o segurado recebe o benef\u00edcio mensal do INSS.<\/p>\n\n\n\n<p>Segundo a Previd\u00eancia Social, para quem quiser consultar o valor a receber, o contracheque j\u00e1 est\u00e1 dispon\u00edvel no site Meu INSS, no Extrato de Pagamento de Benef\u00edcio.<\/p>\n\n\n\n<p>A primeira parcela do 13\u00ba sal\u00e1rio foi paga entre agosto e setembro. A antecipa\u00e7\u00e3o de metade do 13\u00ba sal\u00e1rio j\u00e1 costuma acontecer desde 2006, mas as decis\u00f5es s\u00e3o tomadas anualmente. Este ano, no entanto, o governo editou uma medida provis\u00f3ria para tornou essa antecipa\u00e7\u00e3o obrigat\u00f3ria.<\/p>\n\n\n\n<figure class=\"wp-block-image\"><img decoding=\"async\" data-src=\"https:\/\/www.clickpb.com.br\/media\/filer_public\/a2\/67\/a2673c35-fc05-4969-bf88-e361b7705c14\/tabela-pagamento-2019.jpg\" alt=\"\" src=\"data:image\/svg+xml;base64,PHN2ZyB3aWR0aD0iMSIgaGVpZ2h0PSIxIiB4bWxucz0iaHR0cDovL3d3dy53My5vcmcvMjAwMC9zdmciPjwvc3ZnPg==\" class=\"lazyload\" \/><\/figure>\n\n\n\n<p>Vale lembrar que \u00e9 sobre a segunda parcela que pode incidir o Imposto de Renda. Os descontos ocorrem sobre o valor integral do 13\u00ba sal\u00e1rio.<br><\/p>\n\n\n\n<p><strong>Quem tem direito<\/strong><\/p>\n\n\n\n<p><em>Tem direito ao 13\u00ba quem, durante o ano, recebeu os seguintes benef\u00edcios:<\/em><\/p>\n\n\n\n<ul class=\"wp-block-list\"><li>aposentadoria de qualquer natureza<\/li><li>pens\u00e3o por morte<\/li><li>aux\u00edlio-doen\u00e7a<\/li><li>aux\u00edlio-acidente<\/li><li>aux\u00edlio-reclus\u00e3o<\/li><li>sal\u00e1rio-maternidade<\/li><\/ul>\n\n\n\n<p>No caso de aux\u00edlio-doen\u00e7a e sal\u00e1rio-maternidade, o valor do abono anual ser\u00e1 proporcional ao per\u00edodo recebido.<\/p>\n\n\n\n<p><em>N\u00e3o t\u00eam direito ao 13\u00ba sal\u00e1rio aqueles que recebem:<\/em><\/p>\n\n\n\n<ul class=\"wp-block-list\"><li>amparo assistencial ao idoso e ao deficiente (BPC-LOAS)<\/li><li>renda mensal vital\u00edcia (RMV)<\/li><li>amparo previdenci\u00e1rio rural<\/li><li>aux\u00edlio suplementar por acidente de trabalho<\/li><li>abono de perman\u00eancia em servi\u00e7o<\/li><li>pens\u00e3o decorrente da S\u00edndrome de Talidomida<\/li><li>servidor aposentado pela autarquia empregadora<\/li><li>sal\u00e1rio-fam\u00edlia<\/li><\/ul>\n","protected":false},"excerpt":{"rendered":"<p>O pagamento da segunda parcela do 13\u00ba sal\u00e1rio para aposentados e pensionistas do Instituto Nacional do Seguro Social (INSS) come\u00e7a nesta segunda-feira (25). Os dep\u00f3sitos&hellip; <\/p>\n","protected":false},"author":1,"featured_media":81721,"comment_status":"closed","ping_status":"closed","sticky":false,"template":"","format":"standard","meta":{"sfsi_plus_gutenberg_text_before_share":"","sfsi_plus_gutenberg_show_text_before_share":"","sfsi_plus_gutenberg_icon_type":"","sfsi_plus_gutenberg_icon_alignemt":"","sfsi_plus_gutenburg_max_per_row":"","footnotes":""},"categories":[2],"tags":[],"class_list":["post-137727","post","type-post","status-publish","format-standard","has-post-thumbnail","hentry","category-geral"],"_links":{"self":[{"href":"https:\/\/www.caririemacao.com\/1\/wp-json\/wp\/v2\/posts\/137727","targetHints":{"allow":["GET"]}}],"collection":[{"href":"https:\/\/www.caririemacao.com\/1\/wp-json\/wp\/v2\/posts"}],"about":[{"href":"https:\/\/www.caririemacao.com\/1\/wp-json\/wp\/v2\/types\/post"}],"author":[{"embeddable":true,"href":"https:\/\/www.caririemacao.com\/1\/wp-json\/wp\/v2\/users\/1"}],"replies":[{"embeddable":true,"href":"https:\/\/www.caririemacao.com\/1\/wp-json\/wp\/v2\/comments?post=137727"}],"version-history":[{"count":1,"href":"https:\/\/www.caririemacao.com\/1\/wp-json\/wp\/v2\/posts\/137727\/revisions"}],"predecessor-version":[{"id":137728,"href":"https:\/\/www.caririemacao.com\/1\/wp-json\/wp\/v2\/posts\/137727\/revisions\/137728"}],"wp:featuredmedia":[{"embeddable":true,"href":"https:\/\/www.caririemacao.com\/1\/wp-json\/wp\/v2\/media\/81721"}],"wp:attachment":[{"href":"https:\/\/www.caririemacao.com\/1\/wp-json\/wp\/v2\/media?parent=137727"}],"wp:term":[{"taxonomy":"category","embeddable":true,"href":"https:\/\/www.caririemacao.com\/1\/wp-json\/wp\/v2\/categories?post=137727"},{"taxonomy":"post_tag","embeddable":true,"href":"https:\/\/www.caririemacao.com\/1\/wp-json\/wp\/v2\/tags?post=137727"}],"curies":[{"name":"wp","href":"https:\/\/api.w.org\/{rel}","templated":true}]}}