{"id":137739,"date":"2019-11-25T09:28:15","date_gmt":"2019-11-25T12:28:15","guid":{"rendered":"http:\/\/www.caririemacao.com\/1\/?p=137739"},"modified":"2019-11-25T09:28:15","modified_gmt":"2019-11-25T12:28:15","slug":"mercado-eleva-projecao-de-inflacao-e-de-crescimento-economico","status":"publish","type":"post","link":"https:\/\/www.caririemacao.com\/1\/2019\/11\/25\/mercado-eleva-projecao-de-inflacao-e-de-crescimento-economico\/","title":{"rendered":"Mercado eleva proje\u00e7\u00e3o de infla\u00e7\u00e3o e de crescimento econ\u00f4mico"},"content":{"rendered":"\n<p><br>O mercado financeiro aumentou as proje\u00e7\u00f5es de crescimento da economia e da infla\u00e7\u00e3o este ano.<\/p>\n\n\n\n<p>A previs\u00e3o de institui\u00e7\u00f5es financeiras para a infla\u00e7\u00e3o, calculada pelo \u00cdndice Nacional de Pre\u00e7os ao Consumidor Amplo (IPCA), subiu de 3,33% para 3,46%, no terceiro ajuste consecutivo.<\/p>\n\n\n\n<p>Para os anos seguintes n\u00e3o houve altera\u00e7\u00f5es: 3,60%, em 2020, 3,75% em 2021, e 3,50% em 2022. As estimativas est\u00e3o reunidas em pesquisa feita com institui\u00e7\u00f5es financeiras, elaborada semanalmente pelo Banco Central (BC). Os resultados s\u00e3o divulgados \u00e0s segundas-feiras.<\/p>\n\n\n\n<p>As proje\u00e7\u00f5es para 2019 e 2020 est\u00e3o abaixo do centro da meta de infla\u00e7\u00e3o que deve ser perseguida pelo BC. A meta de infla\u00e7\u00e3o, definida pelo Conselho Monet\u00e1rio Nacional, \u00e9 4,25% em 2019, 4% em 2020, 3,75% em 2021 e 3,50% em 2022, com intervalo de toler\u00e2ncia de 1,5 ponto percentual para cima ou para baixo.<\/p>\n\n\n\n<h2 class=\"wp-block-heading\">Taxa Selic<\/h2>\n\n\n\n<p>Com a previs\u00e3o de infla\u00e7\u00e3o um pouco maior neste ano, o mercado financeiro voltou a esperar que a taxa b\u00e1sica de juros, a Selic, encerre 2020 em 4,5% ao ano. Na semana passada, a expectativa tinha ca\u00eddo para 4,25% ao ano. Atualmente, a Selic est\u00e1 em 5% ao ano. As institui\u00e7\u00f5es financeiras esperam que a Selic volte a cair 0,5 ponto percentual para 4,5% ao ano, em dezembro.<\/p>\n\n\n\n<p>Para 2021, a expectativa \u00e9 que a taxa Selic termine o per\u00edodo em 6% ao ano. Para o fim de 2022, a previs\u00e3o \u00e9 6,50% ao ano.<\/p>\n\n\n\n<p>A Selic \u00e9 o principal instrumento usado pelo BC para controlar a infla\u00e7\u00e3o. Quando o Comit\u00ea de Pol\u00edtica Monet\u00e1ria (Copom) do BC reduz a Selic, a tend\u00eancia \u00e9 que o cr\u00e9dito fique mais barato, com incentivo \u00e0 produ\u00e7\u00e3o e ao consumo, reduzindo o controle da infla\u00e7\u00e3o e estimulando a atividade econ\u00f4mica.<\/p>\n\n\n\n<h2 class=\"wp-block-heading\">Crescimento econ\u00f4mico<\/h2>\n\n\n\n<p>O mercado financeiro espera maior crescimento da economia neste ano e em 2020. A estimativa de expans\u00e3o do Produto Interno Bruto (PIB), a soma de todos os bens e servi\u00e7os produzidos no pa\u00eds, subiu de 0,92% para 0,99% este ano. Para 2020, a proje\u00e7\u00e3o subiu de 2,17% para 2,20%. J\u00e1 a expectativa para 2021 2022 permanece em 2,50%.<\/p>\n\n\n\n<h2 class=\"wp-block-heading\">D\u00f3lar<\/h2>\n\n\n\n<p>A previs\u00e3o para a cota\u00e7\u00e3o do d\u00f3lar subiu de R$ 4 para R$ 4,10, no fim de 2019, e permanece em R$ 4 ao final de 2020.<\/p>\n","protected":false},"excerpt":{"rendered":"<p>O mercado financeiro aumentou as proje\u00e7\u00f5es de crescimento da economia e da infla\u00e7\u00e3o este ano. A previs\u00e3o de institui\u00e7\u00f5es financeiras para a infla\u00e7\u00e3o, calculada pelo&hellip; <\/p>\n","protected":false},"author":1,"featured_media":109814,"comment_status":"closed","ping_status":"closed","sticky":false,"template":"","format":"standard","meta":{"sfsi_plus_gutenberg_text_before_share":"","sfsi_plus_gutenberg_show_text_before_share":"","sfsi_plus_gutenberg_icon_type":"","sfsi_plus_gutenberg_icon_alignemt":"","sfsi_plus_gutenburg_max_per_row":"","footnotes":""},"categories":[2],"tags":[],"class_list":["post-137739","post","type-post","status-publish","format-standard","has-post-thumbnail","hentry","category-geral"],"_links":{"self":[{"href":"https:\/\/www.caririemacao.com\/1\/wp-json\/wp\/v2\/posts\/137739","targetHints":{"allow":["GET"]}}],"collection":[{"href":"https:\/\/www.caririemacao.com\/1\/wp-json\/wp\/v2\/posts"}],"about":[{"href":"https:\/\/www.caririemacao.com\/1\/wp-json\/wp\/v2\/types\/post"}],"author":[{"embeddable":true,"href":"https:\/\/www.caririemacao.com\/1\/wp-json\/wp\/v2\/users\/1"}],"replies":[{"embeddable":true,"href":"https:\/\/www.caririemacao.com\/1\/wp-json\/wp\/v2\/comments?post=137739"}],"version-history":[{"count":1,"href":"https:\/\/www.caririemacao.com\/1\/wp-json\/wp\/v2\/posts\/137739\/revisions"}],"predecessor-version":[{"id":137740,"href":"https:\/\/www.caririemacao.com\/1\/wp-json\/wp\/v2\/posts\/137739\/revisions\/137740"}],"wp:featuredmedia":[{"embeddable":true,"href":"https:\/\/www.caririemacao.com\/1\/wp-json\/wp\/v2\/media\/109814"}],"wp:attachment":[{"href":"https:\/\/www.caririemacao.com\/1\/wp-json\/wp\/v2\/media?parent=137739"}],"wp:term":[{"taxonomy":"category","embeddable":true,"href":"https:\/\/www.caririemacao.com\/1\/wp-json\/wp\/v2\/categories?post=137739"},{"taxonomy":"post_tag","embeddable":true,"href":"https:\/\/www.caririemacao.com\/1\/wp-json\/wp\/v2\/tags?post=137739"}],"curies":[{"name":"wp","href":"https:\/\/api.w.org\/{rel}","templated":true}]}}