{"id":137748,"date":"2019-11-25T09:35:54","date_gmt":"2019-11-25T12:35:54","guid":{"rendered":"http:\/\/www.caririemacao.com\/1\/?p=137748"},"modified":"2019-11-25T09:35:54","modified_gmt":"2019-11-25T12:35:54","slug":"transposicao-barragem-de-sao-jose-sangra-e-aguas-seguem-para-pocoes-em-monteiro","status":"publish","type":"post","link":"https:\/\/www.caririemacao.com\/1\/2019\/11\/25\/transposicao-barragem-de-sao-jose-sangra-e-aguas-seguem-para-pocoes-em-monteiro\/","title":{"rendered":"TRANSPOSI\u00c7\u00c3O: Barragem de S\u00e3o Jos\u00e9 sangra e \u00e1guas seguem para Po\u00e7\u00f5es, em Monteiro"},"content":{"rendered":"\n<p>Primeiro reservat\u00f3rio a receber as \u00e1guas do Rio S\u00e3o Francisco, na Para\u00edba, a Barragem de S\u00e3o Jos\u00e9, em Monteiro, atingiu sua capacidade m\u00e1xima neste domingo (24), e transbordou. As \u00e1guas agora seguem pelo leito do Rio Para\u00edba para o a\u00e7ude de Po\u00e7\u00f5es, que est\u00e1 com menos de 3% de sua capacidade.<\/p>\n\n\n\n<p>A Barragem de S\u00e3o Jos\u00e9 foi constru\u00edda no ano de 1976 e tem capacidade para aproximadamente um milh\u00e3o de metros c\u00fabicos.<\/p>\n\n\n\n<p>At\u00e9 chegar ao A\u00e7ude de Boqueir\u00e3o, as \u00e1guas ainda passar\u00e3o por Po\u00e7\u00f5es, e Camala\u00fa, reservat\u00f3rios que est\u00e3o em n\u00edvel cr\u00edtico.<\/p>\n\n\n\n<p>A expectativa \u00e9 que apenas em janeiro de 2020, as \u00e1guas cheguem ao A\u00e7ude de Boqueir\u00e3o.<\/p>\n","protected":false},"excerpt":{"rendered":"<p>Primeiro reservat\u00f3rio a receber as \u00e1guas do Rio S\u00e3o Francisco, na Para\u00edba, a Barragem de S\u00e3o Jos\u00e9, em Monteiro, atingiu sua capacidade m\u00e1xima neste domingo&hellip; <\/p>\n","protected":false},"author":1,"featured_media":137749,"comment_status":"closed","ping_status":"closed","sticky":false,"template":"","format":"standard","meta":{"sfsi_plus_gutenberg_text_before_share":"","sfsi_plus_gutenberg_show_text_before_share":"","sfsi_plus_gutenberg_icon_type":"","sfsi_plus_gutenberg_icon_alignemt":"","sfsi_plus_gutenburg_max_per_row":"","footnotes":""},"categories":[2],"tags":[],"class_list":["post-137748","post","type-post","status-publish","format-standard","has-post-thumbnail","hentry","category-geral"],"_links":{"self":[{"href":"https:\/\/www.caririemacao.com\/1\/wp-json\/wp\/v2\/posts\/137748","targetHints":{"allow":["GET"]}}],"collection":[{"href":"https:\/\/www.caririemacao.com\/1\/wp-json\/wp\/v2\/posts"}],"about":[{"href":"https:\/\/www.caririemacao.com\/1\/wp-json\/wp\/v2\/types\/post"}],"author":[{"embeddable":true,"href":"https:\/\/www.caririemacao.com\/1\/wp-json\/wp\/v2\/users\/1"}],"replies":[{"embeddable":true,"href":"https:\/\/www.caririemacao.com\/1\/wp-json\/wp\/v2\/comments?post=137748"}],"version-history":[{"count":1,"href":"https:\/\/www.caririemacao.com\/1\/wp-json\/wp\/v2\/posts\/137748\/revisions"}],"predecessor-version":[{"id":137750,"href":"https:\/\/www.caririemacao.com\/1\/wp-json\/wp\/v2\/posts\/137748\/revisions\/137750"}],"wp:featuredmedia":[{"embeddable":true,"href":"https:\/\/www.caririemacao.com\/1\/wp-json\/wp\/v2\/media\/137749"}],"wp:attachment":[{"href":"https:\/\/www.caririemacao.com\/1\/wp-json\/wp\/v2\/media?parent=137748"}],"wp:term":[{"taxonomy":"category","embeddable":true,"href":"https:\/\/www.caririemacao.com\/1\/wp-json\/wp\/v2\/categories?post=137748"},{"taxonomy":"post_tag","embeddable":true,"href":"https:\/\/www.caririemacao.com\/1\/wp-json\/wp\/v2\/tags?post=137748"}],"curies":[{"name":"wp","href":"https:\/\/api.w.org\/{rel}","templated":true}]}}