{"id":137752,"date":"2019-11-25T09:43:57","date_gmt":"2019-11-25T12:43:57","guid":{"rendered":"http:\/\/www.caririemacao.com\/1\/?p=137752"},"modified":"2019-11-25T09:43:57","modified_gmt":"2019-11-25T12:43:57","slug":"pioneirismo-do-consorcio-nordeste-atrai-atencao-de-mais-de-90-empresas-europeias","status":"publish","type":"post","link":"https:\/\/www.caririemacao.com\/1\/2019\/11\/25\/pioneirismo-do-consorcio-nordeste-atrai-atencao-de-mais-de-90-empresas-europeias\/","title":{"rendered":"Pioneirismo do Cons\u00f3rcio Nordeste atrai aten\u00e7\u00e3o de mais de 90 empresas europeias"},"content":{"rendered":"\n<p>Iniciativa inovadora no Brasil, a miss\u00e3o internacional do Cons\u00f3rcio Nordeste apresentou \u00e0 Europa as oportunidades de investimento na regi\u00e3o para 96 empresas da Fran\u00e7a, It\u00e1lia e Alemanha. Nos encontros realizados em Paris, Roma e Berlim, entre segunda (18) e sexta-feira (22), a uni\u00e3o dos nove estados chamou a aten\u00e7\u00e3o dos empres\u00e1rios e autoridades governamentais. Nas reuni\u00f5es, gestores nordestinos tamb\u00e9m explicaram o funcionamento do cons\u00f3rcio e o potencial do Nordeste, um mercado de 57 milh\u00f5es de consumidores.<\/p>\n\n\n\n<p>Em Berlim, \u00faltima cidade da agenda, os representantes dos nove estados estiveram, na sexta-feira, nas sedes dos Minist\u00e9rios da Economia, Educa\u00e7\u00e3o e Coopera\u00e7\u00e3o e Desenvolvimento da Alemanha, onde explicaram o funcionamento do Cons\u00f3rcio Nordeste, com o objetivo de fortalecer as rela\u00e7\u00f5es de coopera\u00e7\u00e3o, ampliar o fluxo de neg\u00f3cios com investidores europeus e gerar emprego e renda. Tamb\u00e9m fez parte da agenda uma reuni\u00e3o com diversos empres\u00e1rios alem\u00e3es realizada na Associa\u00e7\u00e3o das C\u00e2maras Alem\u00e3s de Com\u00e9rcio e Ind\u00fastria. &nbsp;<\/p>\n\n\n\n<p>Na passagem pelas tr\u00eas capitais, o cons\u00f3rcio destacou o potencial de consumo e de desenvolvimento da regi\u00e3o brasileira, que tem um Produto Interno Bruto (PIB) de R$ 898,1 bilh\u00f5es, equivalente a 14% do PIB brasileiro. A viagem \u00e9 uma articula\u00e7\u00e3o para atra\u00e7\u00e3o de investimentos, inclusive com a perspectiva de abertura de parceria p\u00fablico-privada (PPP).<\/p>\n\n\n\n<p>\u201cO objetivo de buscar acelerar o desenvolvimento e a gera\u00e7\u00e3o de emprego foi plenamente alcan\u00e7ado a partir da integra\u00e7\u00e3o econ\u00f4mica com a Europa. Estamos programando uma ida \u00e0 Espanha e Bruxelas no in\u00edcio de 2020 para fazer contato com o banco europeu de investimentos e visitar o parlamento. Depois, China e R\u00fassia para continuar dando visibilidade ao Nordeste\u201d, comentou o governador da Bahia e presidente do Cons\u00f3rcio Nordeste, Rui Costa.<\/p>\n\n\n\n<p>Ainda segundo o presidente do cons\u00f3rcio, est\u00e3o previstos dois encontros no primeiro trimestre do ano que vem, no Nordeste, para divulgar, detalhadamente, aos investidores estrangeiros as licita\u00e7\u00f5es nas \u00e1reas de tratamento de \u00e1gua, esgoto, res\u00edduos s\u00f3lidos, transporte e cidade sustent\u00e1vel.<\/p>\n\n\n\n<p>O governador Jo\u00e3o Azev\u00eado, que far\u00e1 nesta segunda-feira (25) uma esp\u00e9cie de balan\u00e7o da viagem \u00e0 Europa em seu programa na r\u00e1dio Tabajara, a partir das 13h00, disse que a miss\u00e3o atingiu seus objetivos e foi \u201cum enorme aprendizado e uma grande oportunidade de atrair investimentos e desenvolvimento para nossa regi\u00e3o\u201d, avaliou.<\/p>\n\n\n\n<p>Na It\u00e1lia, onde estiveram reunidos com empres\u00e1rios em Roma, os gestores apresentaram o potencial da regi\u00e3o para investimentos em \u00e1reas como sustentabilidade, infraestrutura, turismo, sa\u00fade, seguran\u00e7a p\u00fablica, saneamento e energias limpas. O evento foi organizado pela Confedera\u00e7\u00e3o Geral da Ind\u00fastria Italiana (Confindustria).<\/p>\n\n\n\n<p>A Fran\u00e7a foi o primeiro pa\u00eds de destino do Cons\u00f3rcio. Os compromissos em Paris foram divididos em dois dias, na segunda e ter\u00e7a-feira, e tamb\u00e9m contou com a participa\u00e7\u00e3o de empres\u00e1rios locais. A agenda incluiu encontro com a diretoria geral da Ag\u00eancia Francesa de Desenvolvimento (AFD), para tratar sobre cr\u00e9dito para investimentos, principalmente, nas \u00e1reas de sustentabilidade e agricultura familiar. Na ocasi\u00e3o, foi assinada uma carta de inten\u00e7\u00e3o de coopera\u00e7\u00e3o, entre o cons\u00f3rcio e a secret\u00e1ria de Estado do Minist\u00e9rio de Transi\u00e7\u00e3o Ecol\u00f3gica e Solid\u00e1ria, Brune Poirson, nas \u00e1reas de meio ambiente e cidade sustent\u00e1vel.<\/p>\n\n\n\n<p>Participaram da miss\u00e3o do Cons\u00f3rcio Nordeste na Europa os governadores Rui Costa (Bahia), Renan Filho (Alagoas), Camilo Santana (Cear\u00e1), Jo\u00e3o Azev\u00eado (Para\u00edba), Paulo C\u00e2mara (Pernambuco), Wellington Dias (Piau\u00ed), F\u00e1tima Bezerra (Rio Grande do Norte), assim como o vice-governador Carlos Brand\u00e3o (Maranh\u00e3o). O governador de Sergipe foi representado pelo superintendente de Parcerias P\u00fablico Privadas, Oliveira Junior.<\/p>\n","protected":false},"excerpt":{"rendered":"<p>Iniciativa inovadora no Brasil, a miss\u00e3o internacional do Cons\u00f3rcio Nordeste apresentou \u00e0 Europa as oportunidades de investimento na regi\u00e3o para 96 empresas da Fran\u00e7a, It\u00e1lia&hellip; <\/p>\n","protected":false},"author":1,"featured_media":137753,"comment_status":"closed","ping_status":"closed","sticky":false,"template":"","format":"standard","meta":{"sfsi_plus_gutenberg_text_before_share":"","sfsi_plus_gutenberg_show_text_before_share":"","sfsi_plus_gutenberg_icon_type":"","sfsi_plus_gutenberg_icon_alignemt":"","sfsi_plus_gutenburg_max_per_row":"","footnotes":""},"categories":[2],"tags":[],"class_list":["post-137752","post","type-post","status-publish","format-standard","has-post-thumbnail","hentry","category-geral"],"_links":{"self":[{"href":"https:\/\/www.caririemacao.com\/1\/wp-json\/wp\/v2\/posts\/137752","targetHints":{"allow":["GET"]}}],"collection":[{"href":"https:\/\/www.caririemacao.com\/1\/wp-json\/wp\/v2\/posts"}],"about":[{"href":"https:\/\/www.caririemacao.com\/1\/wp-json\/wp\/v2\/types\/post"}],"author":[{"embeddable":true,"href":"https:\/\/www.caririemacao.com\/1\/wp-json\/wp\/v2\/users\/1"}],"replies":[{"embeddable":true,"href":"https:\/\/www.caririemacao.com\/1\/wp-json\/wp\/v2\/comments?post=137752"}],"version-history":[{"count":1,"href":"https:\/\/www.caririemacao.com\/1\/wp-json\/wp\/v2\/posts\/137752\/revisions"}],"predecessor-version":[{"id":137754,"href":"https:\/\/www.caririemacao.com\/1\/wp-json\/wp\/v2\/posts\/137752\/revisions\/137754"}],"wp:featuredmedia":[{"embeddable":true,"href":"https:\/\/www.caririemacao.com\/1\/wp-json\/wp\/v2\/media\/137753"}],"wp:attachment":[{"href":"https:\/\/www.caririemacao.com\/1\/wp-json\/wp\/v2\/media?parent=137752"}],"wp:term":[{"taxonomy":"category","embeddable":true,"href":"https:\/\/www.caririemacao.com\/1\/wp-json\/wp\/v2\/categories?post=137752"},{"taxonomy":"post_tag","embeddable":true,"href":"https:\/\/www.caririemacao.com\/1\/wp-json\/wp\/v2\/tags?post=137752"}],"curies":[{"name":"wp","href":"https:\/\/api.w.org\/{rel}","templated":true}]}}