{"id":137797,"date":"2019-11-25T12:46:35","date_gmt":"2019-11-25T15:46:35","guid":{"rendered":"http:\/\/www.caririemacao.com\/1\/?p=137797"},"modified":"2019-11-25T12:46:35","modified_gmt":"2019-11-25T15:46:35","slug":"feminicidio-e-principal-causa-das-mortes-violentas","status":"publish","type":"post","link":"https:\/\/www.caririemacao.com\/1\/2019\/11\/25\/feminicidio-e-principal-causa-das-mortes-violentas\/","title":{"rendered":"Feminic\u00eddio \u00e9 principal causa das mortes violentas"},"content":{"rendered":"\n<p>O n\u00famero de casos de feminic\u00eddios cresceu na Para\u00edba aproximadamente 53% entre 2017 e 2018, conforme dados do Anu\u00e1rio Brasileiro da Viol\u00eancia 2019. O Estado apresentou a quarta maior alta em rela\u00e7\u00e3o aos estados brasileiros, ficando atr\u00e1s apenas de Sergipe, Amap\u00e1 e Rond\u00f4nia. No Dia Internacional de N\u00e3o-Viol\u00eancia Contra as Mulheres, comemorado nesta sexta-feira (25), a deputada estadual Camila Toscano (PSDB) refor\u00e7a a import\u00e2ncia de desenvolver pol\u00edticas e normas para combater a o problema.<\/p>\n\n\n\n<p>O estudo tamb\u00e9m revelou que o feminic\u00eddio \u00e9 a principal causa das mortes violentas das mulheres no Estado. Entre as 46 mulheres mortas em 2018, 74% foram v\u00edtimas do crime. A deputada destacou que \u00e9 preciso adotar medidas urgentes no combate a viol\u00eancia contra a mulher.<\/p>\n\n\n\n<p>\u201cO que vemos \u00e9 um aumento no n\u00famero de casos de feminic\u00eddio em nosso Estado e precisamos encontrar formas de evitar que esses crimes aconte\u00e7am. Esse \u00e9 um trabalho em longo prazo, mas enquanto estudamos a melhor forma de erradicar isto, devemos adotar medidas urgentes para que as mulheres n\u00e3o sejam mortas pelo simples fato de serem mulheres\u201d, pontuou.<\/p>\n\n\n\n<p>Na Assembleia Legislativa da Para\u00edba (ALPB), Camila combate diretamente feminic\u00eddio e crimes contra a mulher. Ela preside a Comiss\u00e3o do Direito da Mulher na Casa e, nacionalmente, integra o grupo de estudo da Uni\u00e3o Nacional dos Legisladores e Legislativos Estaduais (Unale), que formula pol\u00edticas p\u00fablicas para combater a viol\u00eancia contra a mulher.<\/p>\n\n\n\n<p><strong>Proposituras \u2013<\/strong>&nbsp;Entre os projetos de lei da deputada, destacam-se o Projeto de Lei 687\/2019, que institui a utiliza\u00e7\u00e3o de tornozeleiras eletr\u00f4nica por homens que praticam viol\u00eancia dom\u00e9stica e familiar. Segundo a propositura, o agressor poder\u00e1 ser obrigado a utilizar equipamento eletr\u00f4nico de monitoramento para fins de fiscaliza\u00e7\u00e3o, caso a mulher, seus familiares e ou testemunhas, esteja cumprindo alguma das Medidas Protetivas de Urg\u00eancia.<\/p>\n\n\n\n<p>J\u00e1 o PL n\u00ba 88\/2019 determina a prioridade no atendimento e a gratuidade na emiss\u00e3o dos documentos para as mulheres em situa\u00e7\u00e3o de risco, de viol\u00eancia dom\u00e9stica, de viol\u00eancia familiar e em situa\u00e7\u00f5es correlata<\/p>\n\n\n\n<p>\u201cMuitas mulheres t\u00eam seus documentos extraviados pelo agressor quando sofrem viol\u00eancia dom\u00e9stica e t\u00eam dificuldades para retomarem muitas coisas do seu cotidiano por isso. Por exemplo, matricular um filho em uma escola, alugar um im\u00f3vel para morar ou ser admitida em um novo emprego. S\u00e3o situa\u00e7\u00f5es que fragilizam ainda mais que vem de uma situa\u00e7\u00e3o t\u00e3o dif\u00edcil e est\u00e1 tentando retomar a vida\u201d, comentou Camila.<\/p>\n\n\n\n<p>Camila tamb\u00e9m apresentou propostas como a realiza\u00e7\u00e3o de trabalho nas escolas, desde a inf\u00e2ncia, sobre a Lei Maria da Penha, a Lei do Feminic\u00eddio e outros mecanismos de prote\u00e7\u00e3o \u00e0 mulher, al\u00e9m da inclus\u00e3o de uma disciplina que aborde o tema viol\u00eancia dom\u00e9stica domiciliar nas escolas e de discuss\u00f5es sobre a viol\u00eancia contra a mulher gestante e a mulher idosa.<\/p>\n\n\n\n<p>A deputada tamb\u00e9m apresentou um projeto que garanta um percentual de vagas em cursos profissionalizantes voltadas para mulheres em condi\u00e7\u00e3o de viol\u00eancia dom\u00e9stica; al\u00e9m da implementa\u00e7\u00e3o de cursos e pol\u00edticas p\u00fablicas para que possam capacitar as mulheres visando oportuniz\u00e1-las a possu\u00edrem a sua fonte de renda para conseguirem se manter.<\/p>\n\n\n\n<p>\u201c\u00c9 possibilitando que as mulheres v\u00edtimas de viol\u00eancia dom\u00e9stica sejam financeiramente independentes que elas sair\u00e3o do ciclo da viol\u00eancia. Muitas se mant\u00eam vulner\u00e1veis por dependerem economicamente dos agressores\u201d, finalizou a deputada.<\/p>\n","protected":false},"excerpt":{"rendered":"<p>O n\u00famero de casos de feminic\u00eddios cresceu na Para\u00edba aproximadamente 53% entre 2017 e 2018, conforme dados do Anu\u00e1rio Brasileiro da Viol\u00eancia 2019. O Estado&hellip; <\/p>\n","protected":false},"author":1,"featured_media":27188,"comment_status":"closed","ping_status":"closed","sticky":false,"template":"","format":"standard","meta":{"sfsi_plus_gutenberg_text_before_share":"","sfsi_plus_gutenberg_show_text_before_share":"","sfsi_plus_gutenberg_icon_type":"","sfsi_plus_gutenberg_icon_alignemt":"","sfsi_plus_gutenburg_max_per_row":"","footnotes":""},"categories":[2],"tags":[],"class_list":["post-137797","post","type-post","status-publish","format-standard","has-post-thumbnail","hentry","category-geral"],"_links":{"self":[{"href":"https:\/\/www.caririemacao.com\/1\/wp-json\/wp\/v2\/posts\/137797","targetHints":{"allow":["GET"]}}],"collection":[{"href":"https:\/\/www.caririemacao.com\/1\/wp-json\/wp\/v2\/posts"}],"about":[{"href":"https:\/\/www.caririemacao.com\/1\/wp-json\/wp\/v2\/types\/post"}],"author":[{"embeddable":true,"href":"https:\/\/www.caririemacao.com\/1\/wp-json\/wp\/v2\/users\/1"}],"replies":[{"embeddable":true,"href":"https:\/\/www.caririemacao.com\/1\/wp-json\/wp\/v2\/comments?post=137797"}],"version-history":[{"count":1,"href":"https:\/\/www.caririemacao.com\/1\/wp-json\/wp\/v2\/posts\/137797\/revisions"}],"predecessor-version":[{"id":137798,"href":"https:\/\/www.caririemacao.com\/1\/wp-json\/wp\/v2\/posts\/137797\/revisions\/137798"}],"wp:featuredmedia":[{"embeddable":true,"href":"https:\/\/www.caririemacao.com\/1\/wp-json\/wp\/v2\/media\/27188"}],"wp:attachment":[{"href":"https:\/\/www.caririemacao.com\/1\/wp-json\/wp\/v2\/media?parent=137797"}],"wp:term":[{"taxonomy":"category","embeddable":true,"href":"https:\/\/www.caririemacao.com\/1\/wp-json\/wp\/v2\/categories?post=137797"},{"taxonomy":"post_tag","embeddable":true,"href":"https:\/\/www.caririemacao.com\/1\/wp-json\/wp\/v2\/tags?post=137797"}],"curies":[{"name":"wp","href":"https:\/\/api.w.org\/{rel}","templated":true}]}}