{"id":137805,"date":"2019-11-25T12:55:35","date_gmt":"2019-11-25T15:55:35","guid":{"rendered":"http:\/\/www.caririemacao.com\/1\/?p=137805"},"modified":"2019-11-25T12:55:35","modified_gmt":"2019-11-25T15:55:35","slug":"partido-dos-trabalhadores-elegeu-a-sua-nova-direcao-nacional","status":"publish","type":"post","link":"https:\/\/www.caririemacao.com\/1\/2019\/11\/25\/partido-dos-trabalhadores-elegeu-a-sua-nova-direcao-nacional\/","title":{"rendered":"Partido dos Trabalhadores elegeu a sua nova dire\u00e7\u00e3o nacional"},"content":{"rendered":"\n<p>Com a b\u00ean\u00e7\u00e3o do ex-presidente Lula, a deputada Gleisi Hoffmann (PR) foi reeleita com 71,5% dos votos petistas para mais quatro anos na presid\u00eancia do PT. Ao avaliar as prioridades do partido, ela reconheceu que \u00e9 preciso fortalecer a comunica\u00e7\u00e3o digital, dominada pela direita.<\/p>\n\n\n\n<p>Gleisi admitiu que a comunica\u00e7\u00e3o do PT est\u00e1 \u201caqu\u00e9m daquilo que n\u00f3s precisamos\u201d. \u201cA direita est\u00e1 na nossa frente. Precisamos nos armar nas redes sociais, organiz\u00e1-las, junt\u00e1-las, potencializar os nossos canais\u201d, afirmou.<\/p>\n\n\n\n<p>O resultado do 7\u00ba Congresso Nacional do PT foi anunciado neste domingo (24) e j\u00e1 era esperado. A principal corrente do partido, a CNB (Construindo um Novo Brasil), da qual Gleisi faz parte, tinha a maioria dos 800 delegados eleitos previamente para deliberar sobre o comando da sigla.<\/p>\n\n\n\n<p>O congresso tamb\u00e9m apresentou uma resolu\u00e7\u00e3o final, que guiar\u00e1 a atua\u00e7\u00e3o do partido nos pr\u00f3ximos anos. O documento \u00e9 basicamente a tese j\u00e1 defendida pela CNB, mas com uma emenda que avaliza a possibilidade de o partido pedir o impeachment de Jair Bolsonaro caso enxergue condi\u00e7\u00f5es para isso.<\/p>\n\n\n\n<p>\u201cA partir da evolu\u00e7\u00e3o das condi\u00e7\u00f5es sociais e percep\u00e7\u00e3o p\u00fablica sobre o car\u00e1ter do governo, da correla\u00e7\u00e3o de for\u00e7as, a dire\u00e7\u00e3o nacional do partido, atualizando a t\u00e1tica para enfrentar o projeto do governo Bolsonaro, poder\u00e1 vir exigir a sua sa\u00edda\u201d, diz o trecho.<\/p>\n\n\n\n<p>Segundo membros da CNB, hoje n\u00e3o h\u00e1 crime de responsabilidade praticado por Bolsonaro nem mobiliza\u00e7\u00e3o popular ou maioria no Congresso capaz de sustentar um impeachment. O texto final, no entanto, coloca essa hip\u00f3tese no horizonte em vez de descart\u00e1-la.<\/p>\n\n\n\n<p>\u201cA possibilidade sempre tem. O presidente comete uma s\u00e9rie de impropriedades, sua fam\u00edlia est\u00e1 sendo investigada, ent\u00e3o h\u00e1 possibilidade de se configurar um crime de responsabilidade como diz a Constitui\u00e7\u00e3o\u201d, afirmou Gleisi \u00e0 imprensa.<\/p>\n\n\n\n<p>A tese da CNB defende que o partido ajude a consolidar a unidade das esquerdas ao mesmo tempo em que busque o centro para alian\u00e7a ampla em prol do Estado de Direito.<\/p>\n\n\n\n<p>\u201cTrata-se de construir uma maioria consistente na sociedade -que n\u00e3o seja apenas eventual, conjuntural, mas que se afirme como verdadeira hegemonia democr\u00e1tica de ideias e valores- se queremos chegar novamente ao governo federal\u201d, diz o texto.<\/p>\n\n\n\n<p>Gleisi afirmou aos jornalistas que o partido admite buscar setores do centro para defesa de pautas espec\u00edficas.<\/p>\n\n\n\n<p>\u201cSomos contra essa pauta liberal que est\u00e1 no Congresso, que retira direitos, destr\u00f3i o Estado e privatiza. Essa \u00e9 nossa pauta principal e em torno dela vamos fazer alian\u00e7as. Agora, tem quest\u00f5es mais pontuais que outros setores podem se juntar a n\u00f3s, por exemplo, a defesa da democracia\u201d, disse.<\/p>\n\n\n\n<p>Ao encerrar o congresso, Gleisi afirmou que o partido \u201cquer Lula presidente da Rep\u00fablica novamente\u201d. O petista, solto no \u00faltimo dia 8, foi a grande estrela do congresso. No discurso de abertura, o ex-presidente defendeu a polariza\u00e7\u00e3o e negou isso signifique radicaliza\u00e7\u00e3o.<\/p>\n\n\n\n<p>Ela voltou a afirmar os rumos do partido j\u00e1 expressos por Lula em suas falas, como a defesa da anula\u00e7\u00e3o da condena\u00e7\u00e3o do ex-presidente na Lava Jato e que o PT tenha o maior n\u00famero poss\u00edvel de candidaturas em 2020.<br>\u201cAcharam que nos matariam, mas estamos bem vivos\u201d, disse Gleisi em seu discurso neste domingo, diante de um j\u00e1 esvaziado p\u00fablico.<\/p>\n\n\n\n<p>\u201cLula fez um chamado ao povo para ir \u00e0s ruas e foi chamado de radical. Mas Lula sempre exortou o povo brasileiro a lutar. E a luta que queremos \u00e9 no campo democr\u00e1tico\u201d, afirmou, repetindo a fala do maior l\u00edder petista feita na sexta (22).<\/p>\n\n\n\n<p>Em rela\u00e7\u00e3o \u00e0 elei\u00e7\u00e3o de 2020, Gleisi tamb\u00e9m ecoou a orienta\u00e7\u00e3o de Lula de que o partido lance o maior n\u00famero de candidaturas poss\u00edvel. A ideia \u00e9 usar o espa\u00e7o das campanhas para fazer uma defesa do PT.<\/p>\n\n\n\n<p>Ao contr\u00e1rio do ex-presidente, que j\u00e1 afirmou que outros partidos de esquerda n\u00e3o t\u00eam candidatos que superem os do PT, a deputada fez a ressalva de que alian\u00e7as com outras legendas s\u00e3o consideradas.<\/p>\n\n\n\n<p>\u201c[Nas elei\u00e7\u00f5es de 2020] Temos que falar com povo, defender Lula e defender nosso partido. Isso n\u00e3o quer dizer que vamos prescindir de fazer alian\u00e7as com o campo progressista e popular\u201d, disse a deputada.<\/p>\n\n\n\n<p>Gleisi afirmou que n\u00e3o h\u00e1 discord\u00e2ncia com Lula em rela\u00e7\u00e3o \u00e0 possibilidade de alian\u00e7as. \u201cN\u00f3s n\u00e3o temos diverg\u00eancia, ele tem uma disposi\u00e7\u00e3o de animar o PT [a lan\u00e7ar candidatos]\u201d, disse.<\/p>\n\n\n\n<p>No Rio de Janeiro, por exemplo, onde o PT considerou apoiar Marcelo Freixo (PSOL), Lula lan\u00e7ou o nome da deputada Benedita da Silva. \u00c0 imprensa, por\u00e9m, Gleisi afirmou neste domingo que a conversa com o PSOL continua, assim como a negocia\u00e7\u00e3o em torno do apoio \u00e0 Manuela D\u2019\u00c1vila (PC do B) em Porto Alegre.<\/p>\n\n\n\n<p>A CNB, corrente de Gleisi, tamb\u00e9m obteve a maior parte das vagas do diret\u00f3rio nacional, composto por 90 cadeiras. O \u00f3rg\u00e3o ser\u00e1 preenchido de forma proporcional, segundo os votos obtidos por cada uma das correntes. Na pr\u00f3xima semana, o diret\u00f3rio se re\u00fane para eleger a comiss\u00e3o executiva nacional.<\/p>\n\n\n\n<figure class=\"wp-block-image\"><img decoding=\"async\" data-src=\"https:\/\/paraibaonline.com.br\/wp-content\/uploads\/2019\/11\/convencao2-567x378.jpg\" alt=\"Foto: Ascom\" class=\"wp-image-821128 lazyload\" src=\"data:image\/svg+xml;base64,PHN2ZyB3aWR0aD0iMSIgaGVpZ2h0PSIxIiB4bWxucz0iaHR0cDovL3d3dy53My5vcmcvMjAwMC9zdmciPjwvc3ZnPg==\" style=\"--smush-placeholder-width: 567px; --smush-placeholder-aspect-ratio: 567\/378;\" \/><\/figure>\n\n\n\n<p>Foto: Ascom<\/p>\n\n\n\n<p>Por falta de acordo dentro da pr\u00f3pria CNB, ainda n\u00e3o h\u00e1 defini\u00e7\u00e3o sobre cargos importantes, como o de tesoureiro \u2013os principais nomes cotados s\u00e3o M\u00e1rcio Macedo, um dos vice-presidentes do PT, e Vagner Freitas, presidente da CUT. Como mostrou a coluna Painel, a ala que representa o Nordeste reivindica postos de proje\u00e7\u00e3o.<\/p>\n\n\n\n<p>A corrente majorit\u00e1ria no PT tamb\u00e9m deve ocupar as secretarias de organiza\u00e7\u00e3o, comunica\u00e7\u00e3o e rela\u00e7\u00f5es internacionais.<\/p>\n\n\n\n<p>A secretaria-geral tende a ser ocupada pelo deputado Paulo Teixeira (PT-SP), que abriu m\u00e3o de concorrer \u00e0 presid\u00eancia neste domingo para apoiar Gleisi.<\/p>\n\n\n\n<p>Os outros nomes que concorreram \u00e0 presid\u00eancia foram a deputada Margarida Salom\u00e3o (PT-MG) e o historiador Valter Pomar, de correntes mais \u00e0 esquerda no partido. Eles obtiveram respectivamente 11,7% e 16,6% dos votos.<\/p>\n\n\n\n<p>No caminho para a reelei\u00e7\u00e3o, Gleisi chegou a enfrentar resist\u00eancia dentro da CNB. Houve um movimento a favor de que Fernando Haddad, presidenci\u00e1vel do partido em 2018, comandasse o PT. O nome da deputada, no entanto, foi defendido por Lula e acabou se sobressaindo.<br><\/p>\n","protected":false},"excerpt":{"rendered":"<p>Com a b\u00ean\u00e7\u00e3o do ex-presidente Lula, a deputada Gleisi Hoffmann (PR) foi reeleita com 71,5% dos votos petistas para mais quatro anos na presid\u00eancia do&hellip; <\/p>\n","protected":false},"author":1,"featured_media":137806,"comment_status":"closed","ping_status":"closed","sticky":false,"template":"","format":"standard","meta":{"sfsi_plus_gutenberg_text_before_share":"","sfsi_plus_gutenberg_show_text_before_share":"","sfsi_plus_gutenberg_icon_type":"","sfsi_plus_gutenberg_icon_alignemt":"","sfsi_plus_gutenburg_max_per_row":"","footnotes":""},"categories":[2],"tags":[],"class_list":["post-137805","post","type-post","status-publish","format-standard","has-post-thumbnail","hentry","category-geral"],"_links":{"self":[{"href":"https:\/\/www.caririemacao.com\/1\/wp-json\/wp\/v2\/posts\/137805","targetHints":{"allow":["GET"]}}],"collection":[{"href":"https:\/\/www.caririemacao.com\/1\/wp-json\/wp\/v2\/posts"}],"about":[{"href":"https:\/\/www.caririemacao.com\/1\/wp-json\/wp\/v2\/types\/post"}],"author":[{"embeddable":true,"href":"https:\/\/www.caririemacao.com\/1\/wp-json\/wp\/v2\/users\/1"}],"replies":[{"embeddable":true,"href":"https:\/\/www.caririemacao.com\/1\/wp-json\/wp\/v2\/comments?post=137805"}],"version-history":[{"count":1,"href":"https:\/\/www.caririemacao.com\/1\/wp-json\/wp\/v2\/posts\/137805\/revisions"}],"predecessor-version":[{"id":137807,"href":"https:\/\/www.caririemacao.com\/1\/wp-json\/wp\/v2\/posts\/137805\/revisions\/137807"}],"wp:featuredmedia":[{"embeddable":true,"href":"https:\/\/www.caririemacao.com\/1\/wp-json\/wp\/v2\/media\/137806"}],"wp:attachment":[{"href":"https:\/\/www.caririemacao.com\/1\/wp-json\/wp\/v2\/media?parent=137805"}],"wp:term":[{"taxonomy":"category","embeddable":true,"href":"https:\/\/www.caririemacao.com\/1\/wp-json\/wp\/v2\/categories?post=137805"},{"taxonomy":"post_tag","embeddable":true,"href":"https:\/\/www.caririemacao.com\/1\/wp-json\/wp\/v2\/tags?post=137805"}],"curies":[{"name":"wp","href":"https:\/\/api.w.org\/{rel}","templated":true}]}}