{"id":137810,"date":"2019-11-25T13:00:32","date_gmt":"2019-11-25T16:00:32","guid":{"rendered":"http:\/\/www.caririemacao.com\/1\/?p=137810"},"modified":"2019-11-25T13:00:32","modified_gmt":"2019-11-25T16:00:32","slug":"comecam-nesta-segunda-inscricoes-para-128-vagas-da-secretaria-de-saude-da-paraiba","status":"publish","type":"post","link":"https:\/\/www.caririemacao.com\/1\/2019\/11\/25\/comecam-nesta-segunda-inscricoes-para-128-vagas-da-secretaria-de-saude-da-paraiba\/","title":{"rendered":"Come\u00e7am nesta segunda inscri\u00e7\u00f5es para 128 vagas da Secret\u00e1ria de Sa\u00fade da Para\u00edba"},"content":{"rendered":"\n<p>Come\u00e7am nesta segunda-feira (25) as inscri\u00e7\u00f5es para o&nbsp;<a href=\"https:\/\/www.clickpb.com.br\/emprego\/concurso\/secretaria-de-saude-da-paraiba-divulga-edital-de-processo-seletivo-com-128-vagas-e-bolsas-de-ate-r-65-mil-272517.html\">processo seletivo simplificado com 128 vagas para bolsistas<\/a>atuarem lotados na Secretaria de Estado da Sa\u00fade da Para\u00edba (SES-PB). Os valores da bolsa variam de R$ 1.250 a R$ 6.500, com cargas hor\u00e1rias que v\u00e3o de 12h a 40h semanais.<\/p>\n\n\n\n<p>As inscri\u00e7\u00f5es seguem at\u00e9 a pr\u00f3xima sexta-feira (29) e podem ser feitas&nbsp;<a href=\"https:\/\/docs.google.com\/forms\/d\/e\/1FAIpQLSeXdgSNPMQNkkWX6nlITnhOgb1l0X1PdzN2q-WGfEBAdWbH7Q\/closedform\">online<\/a>. O concurso est\u00e1 sendo organizado pelo Centro Formador de Recursos Humanos da Para\u00edba.<\/p>\n\n\n\n<p>Os aprovados ser\u00e3o contratados por tr\u00eas meses, com os contratos podendo ser renovados individualmente por mais seis meses. A maioria das vagas exige forma\u00e7\u00e3o em Medicina, mas tamb\u00e9m h\u00e1 oportunidade para outros profissionais da \u00e1rea de sa\u00fade. Ao menos duas vagas podem ser ofertadas para candidatos com forma\u00e7\u00e3o em Direito, desde que tenham p\u00f3s-gradua\u00e7\u00e3o em sa\u00fade.<\/p>\n\n\n\n<p>No ato de inscri\u00e7\u00e3o, os candidatos devem apresentar, al\u00e9m de toda a documenta\u00e7\u00e3o comprobat\u00f3ria, curr\u00edculo lattes e carta de inten\u00e7\u00e3o.<\/p>\n","protected":false},"excerpt":{"rendered":"<p>Come\u00e7am nesta segunda-feira (25) as inscri\u00e7\u00f5es para o&nbsp;processo seletivo simplificado com 128 vagas para bolsistasatuarem lotados na Secretaria de Estado da Sa\u00fade da Para\u00edba (SES-PB).&hellip; <\/p>\n","protected":false},"author":1,"featured_media":105886,"comment_status":"closed","ping_status":"closed","sticky":false,"template":"","format":"standard","meta":{"sfsi_plus_gutenberg_text_before_share":"","sfsi_plus_gutenberg_show_text_before_share":"","sfsi_plus_gutenberg_icon_type":"","sfsi_plus_gutenberg_icon_alignemt":"","sfsi_plus_gutenburg_max_per_row":"","footnotes":""},"categories":[2],"tags":[],"class_list":["post-137810","post","type-post","status-publish","format-standard","has-post-thumbnail","hentry","category-geral"],"_links":{"self":[{"href":"https:\/\/www.caririemacao.com\/1\/wp-json\/wp\/v2\/posts\/137810","targetHints":{"allow":["GET"]}}],"collection":[{"href":"https:\/\/www.caririemacao.com\/1\/wp-json\/wp\/v2\/posts"}],"about":[{"href":"https:\/\/www.caririemacao.com\/1\/wp-json\/wp\/v2\/types\/post"}],"author":[{"embeddable":true,"href":"https:\/\/www.caririemacao.com\/1\/wp-json\/wp\/v2\/users\/1"}],"replies":[{"embeddable":true,"href":"https:\/\/www.caririemacao.com\/1\/wp-json\/wp\/v2\/comments?post=137810"}],"version-history":[{"count":1,"href":"https:\/\/www.caririemacao.com\/1\/wp-json\/wp\/v2\/posts\/137810\/revisions"}],"predecessor-version":[{"id":137811,"href":"https:\/\/www.caririemacao.com\/1\/wp-json\/wp\/v2\/posts\/137810\/revisions\/137811"}],"wp:featuredmedia":[{"embeddable":true,"href":"https:\/\/www.caririemacao.com\/1\/wp-json\/wp\/v2\/media\/105886"}],"wp:attachment":[{"href":"https:\/\/www.caririemacao.com\/1\/wp-json\/wp\/v2\/media?parent=137810"}],"wp:term":[{"taxonomy":"category","embeddable":true,"href":"https:\/\/www.caririemacao.com\/1\/wp-json\/wp\/v2\/categories?post=137810"},{"taxonomy":"post_tag","embeddable":true,"href":"https:\/\/www.caririemacao.com\/1\/wp-json\/wp\/v2\/tags?post=137810"}],"curies":[{"name":"wp","href":"https:\/\/api.w.org\/{rel}","templated":true}]}}