{"id":137814,"date":"2019-11-25T13:06:35","date_gmt":"2019-11-25T16:06:35","guid":{"rendered":"http:\/\/www.caririemacao.com\/1\/?p=137814"},"modified":"2019-11-25T13:06:35","modified_gmt":"2019-11-25T16:06:35","slug":"matriculas-de-alunos-veteranos-da-rede-estadual-de-ensino-comecam-nesta-segunda-feira","status":"publish","type":"post","link":"https:\/\/www.caririemacao.com\/1\/2019\/11\/25\/matriculas-de-alunos-veteranos-da-rede-estadual-de-ensino-comecam-nesta-segunda-feira\/","title":{"rendered":"Matr\u00edculas de alunos veteranos da rede estadual de ensino come\u00e7am nesta segunda-feira"},"content":{"rendered":"\n<p>Foram abertas, nesta segunda-feira (25), as matr\u00edculas nas 663 escolas da Rede Estadual de Ensino da Para\u00edba. O per\u00edodo para alunos veteranos vai desta segunda at\u00e9 o dia 5 de dezembro e para os alunos novatos de 6 a 20 de dezembro. &nbsp;<\/p>\n\n\n\n<p>No caso de alunos que j\u00e1 estudam na Rede Estadual, os respons\u00e1veis devem comparecer \u00e0 secretaria da escola que j\u00e1 estuda e preencher termo de matr\u00edcula. Esse procedimento pode ser feito pelo pr\u00f3prio aluno, caso tenha mais de 18 anos.&nbsp;<\/p>\n\n\n\n<p>Para os alunos novatos \u00e9 necess\u00e1rio apresentar os seguintes documentos: certid\u00e3o de nascimento; RG e CPF (caso tenha); comprovante de resid\u00eancia; foto 3&#215;4; transfer\u00eancia escolar; comprovante de quita\u00e7\u00e3o eleitoral e militar para os casos espec\u00edficos; telefone para contato; e-mail (opcional) e cart\u00e3o do SUS (opcional). &nbsp;<\/p>\n\n\n\n<p>Segundo o Secret\u00e1rio de Estado da Educa\u00e7\u00e3o e da Ci\u00eancia e Tecnologia, Cl\u00e1udio Furtado, \u201co processo de matr\u00edculas est\u00e1 organizado de modo a atender a demanda da sociedade em todos os n\u00edveis de ensino, Fundamental, M\u00e9dio, e na modalidade Educa\u00e7\u00e3o de Jovens e Adultos. Estamos organizando um ano letivo com foco na inova\u00e7\u00e3o, no protagonismo, e na garantia dos direitos de aprendizagem das nossas crian\u00e7as e jovens\u201d.<\/p>\n","protected":false},"excerpt":{"rendered":"<p>Foram abertas, nesta segunda-feira (25), as matr\u00edculas nas 663 escolas da Rede Estadual de Ensino da Para\u00edba. O per\u00edodo para alunos veteranos vai desta segunda&hellip; <\/p>\n","protected":false},"author":1,"featured_media":7913,"comment_status":"closed","ping_status":"closed","sticky":false,"template":"","format":"standard","meta":{"sfsi_plus_gutenberg_text_before_share":"","sfsi_plus_gutenberg_show_text_before_share":"","sfsi_plus_gutenberg_icon_type":"","sfsi_plus_gutenberg_icon_alignemt":"","sfsi_plus_gutenburg_max_per_row":"","footnotes":""},"categories":[2],"tags":[],"class_list":["post-137814","post","type-post","status-publish","format-standard","has-post-thumbnail","hentry","category-geral"],"_links":{"self":[{"href":"https:\/\/www.caririemacao.com\/1\/wp-json\/wp\/v2\/posts\/137814","targetHints":{"allow":["GET"]}}],"collection":[{"href":"https:\/\/www.caririemacao.com\/1\/wp-json\/wp\/v2\/posts"}],"about":[{"href":"https:\/\/www.caririemacao.com\/1\/wp-json\/wp\/v2\/types\/post"}],"author":[{"embeddable":true,"href":"https:\/\/www.caririemacao.com\/1\/wp-json\/wp\/v2\/users\/1"}],"replies":[{"embeddable":true,"href":"https:\/\/www.caririemacao.com\/1\/wp-json\/wp\/v2\/comments?post=137814"}],"version-history":[{"count":1,"href":"https:\/\/www.caririemacao.com\/1\/wp-json\/wp\/v2\/posts\/137814\/revisions"}],"predecessor-version":[{"id":137815,"href":"https:\/\/www.caririemacao.com\/1\/wp-json\/wp\/v2\/posts\/137814\/revisions\/137815"}],"wp:featuredmedia":[{"embeddable":true,"href":"https:\/\/www.caririemacao.com\/1\/wp-json\/wp\/v2\/media\/7913"}],"wp:attachment":[{"href":"https:\/\/www.caririemacao.com\/1\/wp-json\/wp\/v2\/media?parent=137814"}],"wp:term":[{"taxonomy":"category","embeddable":true,"href":"https:\/\/www.caririemacao.com\/1\/wp-json\/wp\/v2\/categories?post=137814"},{"taxonomy":"post_tag","embeddable":true,"href":"https:\/\/www.caririemacao.com\/1\/wp-json\/wp\/v2\/tags?post=137814"}],"curies":[{"name":"wp","href":"https:\/\/api.w.org\/{rel}","templated":true}]}}