{"id":137818,"date":"2019-11-25T13:14:20","date_gmt":"2019-11-25T16:14:20","guid":{"rendered":"http:\/\/www.caririemacao.com\/1\/?p=137818"},"modified":"2019-11-25T13:14:20","modified_gmt":"2019-11-25T16:14:20","slug":"em-monteiro-bom-demais-supermercados-lancara-black-friday-2019","status":"publish","type":"post","link":"https:\/\/www.caririemacao.com\/1\/2019\/11\/25\/em-monteiro-bom-demais-supermercados-lancara-black-friday-2019\/","title":{"rendered":"EM MONTEIRO: Bom Demais Supermercados lan\u00e7ar\u00e1 Black Friday 2019"},"content":{"rendered":"\n<p><br>Vem a\u00ed mais um Black Friday. Para muitos, esse \u00e9 o momento certo para comprar aquele produto no pre\u00e7o mais barato. Para outros, horas de pesquisa na frente do computador em busca da melhor promo\u00e7\u00e3o.<\/p>\n\n\n\n<p>Pensando em ofertas de verdade, o Bom Demais Supermercados &amp; Atacado vai promover o Black Friday Bom Demais que acontecer\u00e1 no dia 29 de Novembro.<\/p>\n\n\n\n<p>O Bom Demais j\u00e1 tem tradi\u00e7\u00e3o em oferecer pre\u00e7os baixos. Essa \u00e9 a filosofia da empresa, facilitar o consumo dos clientes por meio de pre\u00e7os acess\u00edveis. Ent\u00e3o, para surpreender o Bom Demais Supermercados &amp; Atacados vem trabalhando para oferecer o melhor Black Friday do Cariri paraibano.<a href=\"http:\/\/hora1pb.com.br\/#facebook\" rel=\"noreferrer noopener\" target=\"_blank\">Facebook<\/a><a href=\"http:\/\/hora1pb.com.br\/#whatsapp\" rel=\"noreferrer noopener\" target=\"_blank\">WhatsApp<\/a><a href=\"http:\/\/hora1pb.com.br\/#twitter\" rel=\"noreferrer noopener\" target=\"_blank\">Twitter<\/a><a href=\"https:\/\/www.addtoany.com\/share#url=http%3A%2F%2Fhora1pb.com.br%2Fem-monteiro-bom-demais-supermercados-lancara-black-friday-2019%2F&amp;title=EM%20MONTEIRO%3A%20Bom%20Demais%20Supermercados%20lan%C3%A7ar%C3%A1%20Black%20Friday%202019\">Compartilhar<\/a><\/p>\n","protected":false},"excerpt":{"rendered":"<p>Vem a\u00ed mais um Black Friday. Para muitos, esse \u00e9 o momento certo para comprar aquele produto no pre\u00e7o mais barato. Para outros, horas de&hellip; <\/p>\n","protected":false},"author":1,"featured_media":73081,"comment_status":"closed","ping_status":"closed","sticky":false,"template":"","format":"standard","meta":{"sfsi_plus_gutenberg_text_before_share":"","sfsi_plus_gutenberg_show_text_before_share":"","sfsi_plus_gutenberg_icon_type":"","sfsi_plus_gutenberg_icon_alignemt":"","sfsi_plus_gutenburg_max_per_row":"","footnotes":""},"categories":[2],"tags":[],"class_list":["post-137818","post","type-post","status-publish","format-standard","has-post-thumbnail","hentry","category-geral"],"_links":{"self":[{"href":"https:\/\/www.caririemacao.com\/1\/wp-json\/wp\/v2\/posts\/137818","targetHints":{"allow":["GET"]}}],"collection":[{"href":"https:\/\/www.caririemacao.com\/1\/wp-json\/wp\/v2\/posts"}],"about":[{"href":"https:\/\/www.caririemacao.com\/1\/wp-json\/wp\/v2\/types\/post"}],"author":[{"embeddable":true,"href":"https:\/\/www.caririemacao.com\/1\/wp-json\/wp\/v2\/users\/1"}],"replies":[{"embeddable":true,"href":"https:\/\/www.caririemacao.com\/1\/wp-json\/wp\/v2\/comments?post=137818"}],"version-history":[{"count":1,"href":"https:\/\/www.caririemacao.com\/1\/wp-json\/wp\/v2\/posts\/137818\/revisions"}],"predecessor-version":[{"id":137819,"href":"https:\/\/www.caririemacao.com\/1\/wp-json\/wp\/v2\/posts\/137818\/revisions\/137819"}],"wp:featuredmedia":[{"embeddable":true,"href":"https:\/\/www.caririemacao.com\/1\/wp-json\/wp\/v2\/media\/73081"}],"wp:attachment":[{"href":"https:\/\/www.caririemacao.com\/1\/wp-json\/wp\/v2\/media?parent=137818"}],"wp:term":[{"taxonomy":"category","embeddable":true,"href":"https:\/\/www.caririemacao.com\/1\/wp-json\/wp\/v2\/categories?post=137818"},{"taxonomy":"post_tag","embeddable":true,"href":"https:\/\/www.caririemacao.com\/1\/wp-json\/wp\/v2\/tags?post=137818"}],"curies":[{"name":"wp","href":"https:\/\/api.w.org\/{rel}","templated":true}]}}