{"id":137821,"date":"2019-11-25T13:18:40","date_gmt":"2019-11-25T16:18:40","guid":{"rendered":"http:\/\/www.caririemacao.com\/1\/?p=137821"},"modified":"2019-11-25T13:18:40","modified_gmt":"2019-11-25T16:18:40","slug":"continuidade-de-auxilios-mensais-aos-atingidos-de-brumadinho-e-incerta","status":"publish","type":"post","link":"https:\/\/www.caririemacao.com\/1\/2019\/11\/25\/continuidade-de-auxilios-mensais-aos-atingidos-de-brumadinho-e-incerta\/","title":{"rendered":"Continuidade de aux\u00edlios mensais aos atingidos de Brumadinho \u00e9 incerta"},"content":{"rendered":"\n<p>Exatos dez meses ap\u00f3s o rompimento da barragem da mineradora Vale em Brumadinho, em Minas Gerais, atingidos convivem com a incerteza sobre o futuro dos pagamentos emergenciais mensais. O acordo que estabeleceu esses repasses s\u00f3 os garantiu at\u00e9 um ano ap\u00f3s a trag\u00e9dia, que se completar\u00e1 em 25 de janeiro de 2020.<\/p>\n\n\n\n<p>Uma prorroga\u00e7\u00e3o vem sendo negociada na Justi\u00e7a entre a Vale, o Minist\u00e9rio P\u00fablico de Minas Gerais (MPMG), a Defensoria P\u00fablica de Minas Gerais e outros \u00f3rg\u00e3os. No entanto, at\u00e9 a \u00faltima audi\u00eancia para tratar do assunto na semana passada, n\u00e3o houve avan\u00e7os. Um novo encontro j\u00e1 est\u00e1 agendado para a pr\u00f3xima quinta-feira (28).<\/p>\n\n\n\n<p>Os pagamentos emergenciais mensais correspondem ao valor de um sal\u00e1rio m\u00ednimo por adulto, a metade dessa quantia por adolescente e um quarto para cada crian\u00e7a. Eles foram assegurados a todos os moradores de Brumadinho, sem distin\u00e7\u00e3o. Nos demais munic\u00edpios atingidos, o benef\u00edcio foi concedido a pessoas que residem at\u00e9 um quil\u00f4metro de dist\u00e2ncia da calha do Rio Paraopeba. Atualmente, cerca de 108 mil fazem jus aos valores definidos.<\/p>\n\n\n\n<p>A incerteza em rela\u00e7\u00e3o ao futuro do pagamento levou um grupo de atingidos e protestar na semana passada, bloqueando uma&nbsp;<a href=\"http:\/\/agenciabrasil.ebc.com.br\/geral\/noticia\/2019-11\/ferrovia-e-fechada-em-protesto-de-atingidos-por-tragedia-de-brumadinho\" target=\"_blank\" rel=\"noreferrer noopener\">linha f\u00e9rrea<\/a>&nbsp;na altura do munic\u00edpio de M\u00e1rio Campos. Segundo Andr\u00e9 Sperling, promotor do MPMG, a diverg\u00eancia ocorre porque a Vale quer manter os repasses apenas para um n\u00famero limitado de pessoas.<\/p>\n\n\n\n<h2 class=\"wp-block-heading\">Prorroga\u00e7\u00e3o dos pagamentos emergenciais<\/h2>\n\n\n\n<p>A mineradora, por sua vez, informou que j\u00e1 apresentou \u00e0 Justi\u00e7a uma sugest\u00e3o de prorroga\u00e7\u00e3o dos pagamentos emergenciais e aguarda avalia\u00e7\u00e3o, mas n\u00e3o revelou detalhes da proposta. A Defensoria P\u00fablica de Minas Gerais afirma defender uma prorroga\u00e7\u00e3o que n\u00e3o restrinja os repasses feitos atualmente.<\/p>\n\n\n\n<p>Para o MPMG, \u00e9 necess\u00e1ria uma mudan\u00e7a de crit\u00e9rio que permita corrigir distor\u00e7\u00f5es e, ao mesmo tempo, incluir atingidos que hoje n\u00e3o est\u00e3o recebendo os valores.<\/p>\n\n\n\n<p>&#8220;Para n\u00f3s, a grande maioria deve continuar recebendo com alguns ajustes. Temos que cortar excessos, excluindo moradores dos condom\u00ednios de luxo de Brumadinho, por exemplo. O crit\u00e9rio territorial foi implementado no in\u00edcio porque havia um caos na cidade. Foi uma decis\u00e3o correta em fun\u00e7\u00e3o da situa\u00e7\u00e3o de emerg\u00eancia. Atrav\u00e9s dele, foi poss\u00edvel minorar o impacto gigantesco desse desastre. Mas agora que j\u00e1 passou um tempo, temos condi\u00e7\u00f5es de implementar crit\u00e9rios que tenha uma racionalidade maior e uma rela\u00e7\u00e3o mais direta com o dano&#8221;, disse Sperling.<\/p>\n\n\n\n<p>A proposta que ele apresenta \u00e9 abandonar o crit\u00e9rio territorial e substitu\u00ed-lo por um socioecon\u00f4mico, estabelecendo o pagamento para quem teve comprometimento da renda ou do modo de vida.<\/p>\n\n\n\n<p>Segundo o promotor, esse seria o caminho mais justo, permitindo que as pessoas que hoje enfrentam mais dificuldades sejam contempladas. Ao mesmo tempo, seriam interrompidos repasses para aqueles que moram em condom\u00ednios de luxo e que, pelo crit\u00e9rio atual, t\u00eam direito ao benef\u00edcio.<\/p>\n\n\n\n<h2 class=\"wp-block-heading\">Assessorias<\/h2>\n\n\n\n<p>O MPMG tamb\u00e9m defende que a mudan\u00e7a de crit\u00e9rio envolva um per\u00edodo de transi\u00e7\u00e3o, no qual n\u00e3o ocorreriam cortes imediatos para quem atualmente recebe os valores. Isso porque a nova avalia\u00e7\u00e3o sobre quem tem direito ao benef\u00edcio precisaria envolver as assessorias t\u00e9cnicas dos atingidos.<\/p>\n\n\n\n<p>A contrata\u00e7\u00e3o de entidades independentes para prestar suporte profissional \u00e0s v\u00edtimas da trag\u00e9dia se espelha nos desdobramentos do rompimento da barragem da Samarco, ocorrido em Mariana (MG) em 2015.<\/p>\n\n\n\n<p>Os atingidos nesse epis\u00f3dio conquistaram judicialmente, com o apoio do MPMG, o direito de receberem apoio de organiza\u00e7\u00f5es que contassem com uma equipe multidisciplinar composta por advogados, soci\u00f3logos, arquitetos e engenheiros, entre outros. A medida busca assegurar que eles estejam munidos de informa\u00e7\u00f5es t\u00e9cnicas para negociar com a mineradora.<\/p>\n\n\n\n<p>Ap\u00f3s a ruptura da barragem da Vale em Brumadinho, um acordo judicial permitiu que esse direito tamb\u00e9m fosse assegurado \u00e0s v\u00edtimas da trag\u00e9dia. A \u00e1rea afetada foi dividida em cinco trechos e os atingidos em cada uma delas escolheram uma assessoria t\u00e9cnica. Em maio, por exemplo, 300 moradores de Brumadinho, reunidos em assembleia, optaram pela Associa\u00e7\u00e3o Estadual de Defesa Ambiental e Social (Aedas).<\/p>\n\n\n\n<figure class=\"wp-block-image\"><img decoding=\"async\" data-src=\"http:\/\/imagens.ebc.com.br\/A4217J9BLP98caz5u4dTS20lsOg=\/754x0\/smart\/http:\/\/agenciabrasil.ebc.com.br\/sites\/default\/files\/thumbnails\/image\/2019-01-30t163553z_714604221_rc17b4c7e090_rtrmadp_3_vale-sa-disaster.jpg?itok=zNPkky3n\" alt=\"Militares israelenses e equipes de resgate brasileiras durante buscas por v\u00edtimas em Brumadinho, onde uma barragem da mineradora Vale se rompeu.\" src=\"data:image\/svg+xml;base64,PHN2ZyB3aWR0aD0iMSIgaGVpZ2h0PSIxIiB4bWxucz0iaHR0cDovL3d3dy53My5vcmcvMjAwMC9zdmciPjwvc3ZnPg==\" class=\"lazyload\" \/><\/figure>\n\n\n\n<h6 class=\"wp-block-heading\">Trag\u00e9dia de Brumadinho deixou fam\u00edlias sem casas e v\u00edtimas mortas&nbsp;&nbsp;&nbsp;<strong>(Arquivo\/<\/strong><strong>Washington Alves\/Reuters\/Direitos reservados)<\/strong><\/h6>\n\n\n\n<p>As entidades s\u00e3o sempre escolhidas pelos pr\u00f3prios atingidos e cabe \u00e0 Vale formalizar a contrata\u00e7\u00e3o e arcar com os custos. No entanto, segundo o MPMG, apesar de todas as sele\u00e7\u00f5es estarem conclu\u00eddas e homologadas pela Justi\u00e7a, a mineradora tem questionado os planos de trabalho apresentados e retardado as contrata\u00e7\u00f5es. Nenhuma delas foi formalizada at\u00e9 o momento.<\/p>\n\n\n\n<p>&#8220;O direito \u00e0s assessorias t\u00e9cnicas \u00e9 fundamental. Sem elas, n\u00e3o vamos ter uma estimativa do total de atingidos. \u00c9 preciso que essas entidades estejam em campo. \u00c9 ela [a assessoria] que vai reunir os atingidos, que vai fazer um levantamento mais local. Tem categorias atingidas que n\u00f3s nem conhecemos ainda. Recentemente, descobrimos uma comunidade quilombola no munic\u00edpio de Paraopeba que tirava minhocu\u00e7u do solo e vendia \u00e0s margens da rodovia para pessoas que iam pescar no rio Paraopeba. Agora ningu\u00e9m mais compra. Ent\u00e3o, veja bem: pessoas que trabalham retirando minhocu\u00e7u do solo foram atingidas. E n\u00e3o est\u00e3o recebendo nada at\u00e9 hoje porque elas, as comunidades, ficam a mais de um quil\u00f4metro de dist\u00e2ncia do rio, que \u00e9 a dist\u00e2ncia estabelecida pelo crit\u00e9rio atual do pagamento emergencial&#8221;, disse Sperling.<\/p>\n\n\n\n<h2 class=\"wp-block-heading\">Repasses emergenciais<\/h2>\n\n\n\n<p>Ele tamb\u00e9m ressalta diferen\u00e7as da proposta em rela\u00e7\u00e3o ao mecanismo como os repasses emergenciais est\u00e3o sendo feitos aos atingidos da trag\u00e9dia de Mariana. L\u00e1 tamb\u00e9m foi estabelecido um crit\u00e9rio sociocon\u00f4mico e, h\u00e1 cerca de quatro anos, os que perderam suas fontes de renda recebem um sal\u00e1rio m\u00ednimo, acrescido de 20% para cada dependente, al\u00e9m do valor de uma cesta b\u00e1sica.<\/p>\n\n\n\n<p>&#8220;No modelo adotado para o desastre de Mariana, quem diz se a pessoa tem direito ao pagamento emergencial \u00e9 a Funda\u00e7\u00e3o Renova, que \u00e9 controlada pela Samarco e por suas acionistas Vale e BHP Billiton. Assim, n\u00f3s entendemos que as pr\u00f3prias empresas que cometeram o crime est\u00e3o dizendo quem s\u00e3o as v\u00edtimas. Por isso, nossa proposta \u00e9 diferente. N\u00f3s queremos que uma empresa terceirizada, que n\u00e3o tenha rela\u00e7\u00e3o com a Vale, seja contratada para fazer a an\u00e1lise dos dados e determinar quem deve ou n\u00e3o receber&#8221;, explicou o promotor.<\/p>\n\n\n\n<p>A empresa terceirizada, segundo Sperling, s\u00f3 entraria em campo depois que todas as assessorias t\u00e9cnicas dos atingidos estivessem funcionando. &#8220;As assessorias t\u00e9cnicas devem fazer busca ativa na regi\u00e3o para mapear todos os atingidos e reunir suas informa\u00e7\u00f5es. E a\u00ed a contratada analisaria essas informa\u00e7\u00f5es&#8221;, acrescentou.<\/p>\n\n\n\n<h2 class=\"wp-block-heading\">Indeniza\u00e7\u00f5es<\/h2>\n\n\n\n<p>Conforme j\u00e1 definido em \u00e2mbito judicial,&nbsp;<a href=\"http:\/\/agenciabrasil.ebc.com.br\/justica\/noticia\/2019-04\/vale-nao-descontara-pagamento-emergencial-da-indenizacao-individual\" target=\"_blank\" rel=\"noreferrer noopener\">os pagamentos emergenciais mensais<\/a>&nbsp;n\u00e3o podem ser futuramente descontados das indeniza\u00e7\u00f5es individuais. Assim, as discuss\u00f5es em torno do processo indenizat\u00f3rio n\u00e3o se confundem com esses repasses. No entanto, este \u00e9 outro assunto que vem gerando diverg\u00eancias.<\/p>\n\n\n\n<p><a href=\"http:\/\/agenciabrasil.ebc.com.br\/justica\/noticia\/2019-04\/negociacoes-individuais-em-brumadinho-preocupam-ministerio-publico\" target=\"_blank\" rel=\"noreferrer noopener\">O MPMG<\/a>&nbsp;defende que um processo coletivo fortaleceria os atingidos e vem tratando das indeniza\u00e7\u00f5es dentro dos tr\u00eas processos que tramitam juntos na Justi\u00e7a estadual. Dois deles foram movidos pelo pr\u00f3prio MPMG e um pelo governo mineiro.<\/p>\n\n\n\n<p>No in\u00edcio de abril, por\u00e9m, a Defensoria P\u00fablica de Minas Gerais assinou com a Vale um termo de compromisso definindo os procedimentos que viabilizaram as negocia\u00e7\u00f5es individuais. O \u00f3rg\u00e3o acredita que o acordo d\u00e1 celeridade \u00e0s indeniza\u00e7\u00f5es, tornando as&nbsp;<a href=\"http:\/\/agenciabrasil.ebc.com.br\/justica\/noticia\/2019-04\/acordo-individual-com-vale-permite-indenizacao-eficaz-diz-defensoria\" target=\"_blank\" rel=\"noreferrer noopener\">repara\u00e7\u00f5es mais eficazes<\/a>&nbsp;e evitando que elas demorem anos para serem efetivadas.<\/p>\n\n\n\n<h2 class=\"wp-block-heading\">Danos materiais e morais<\/h2>\n\n\n\n<p>&#8220;S\u00e3o considerados atingidos n\u00e3o s\u00f3 aqueles que tiveram danos materiais e morais diretos, como perda de propriedade, ve\u00edculo e lavoura e\/ou de familiares, por exemplo. Tamb\u00e9m s\u00e3o considerados atingidos aqueles que moram em \u00e1reas n\u00e3o atingidas diretamente pelo rompimento da barragem, mas que sofreram exclusivamente danos como abalo emocional ou mesmo de pessoas que trabalhavam ou produziam fora da \u00e1rea atingida, mas perderam o emprego e a produ\u00e7\u00e3o em consequ\u00eancia do desastre, por exemplo&#8221;, diz, em nota, a Defensoria P\u00fablica.<\/p>\n\n\n\n<p>Segundo o \u00f3rg\u00e3o, 419 acordos de indeniza\u00e7\u00e3o j\u00e1 formam fechados, dos quais 200 tiveram sua homologa\u00e7\u00e3o judicial no Tribunal de Justi\u00e7a de Minas Gerais (TJMG) e outros 14 est\u00e3o tramitando.<\/p>\n\n\n\n<p>Para Andr\u00e9 Sperling, o pressuposto de uma negocia\u00e7\u00e3o \u00e9 que as partes tenham um m\u00ednimo de paridade de armas, o que n\u00e3o estaria ocorrendo.<\/p>\n\n\n\n<p>&#8220;Estamos lidando com uma das maiores mineradoras do mundo e que tem todas as condi\u00e7\u00f5es de fazer valer seus interesses. Como s\u00e3o os acordos? A Defensoria envia para a Vale os documentos reunidos pelos atingidos e a Vale faz uma oferta. A pessoa aceita ou n\u00e3o. N\u00e3o h\u00e1 uma negocia\u00e7\u00e3o de fato. A Vale est\u00e1 numa posi\u00e7\u00e3o favor\u00e1vel porque a maioria das pessoas est\u00e1 numa posi\u00e7\u00e3o delicada&#8221;, disse.<\/p>\n\n\n\n<p>Segundo o promotor, tamb\u00e9m estaria sendo violado o direito dos atingidos de contar com o apoio das assessorias t\u00e9cnicas, j\u00e1 que as negocia\u00e7\u00f5es n\u00e3o foram acompanhadas pelas entidades que eles escolheram e que aguardam a conclus\u00e3o do processo de contrata\u00e7\u00e3o pela Vale.<\/p>\n\n\n\n<p>Ele tamb\u00e9m acusou a Vale de tentar reduzir os pagamentos emergenciais mensais para debilitar ainda mais as v\u00edtimas e as induzirem a fechar acordos de indeniza\u00e7\u00e3o desfavor\u00e1veis.<\/p>\n\n\n\n<p>Em nota, a mineradora informou que j\u00e1 foram destinados recursos superiores a R$ 2 bilh\u00f5es para a\u00e7\u00f5es de indeniza\u00e7\u00e3o. &#8220;Mais do que as indeniza\u00e7\u00f5es e doa\u00e7\u00f5es, a Vale estruturou o Programa de Assist\u00eancia Integral aos Atingidos, com objetivo de dar suporte para as fam\u00edlias planejarem seu futuro. O projeto oferece planejamento e educa\u00e7\u00e3o financeira; apoio para compra de im\u00f3veis; assist\u00eancia t\u00e9cnica rural, ao microempreendedor e \u00e0s atividades de complemento de renda, al\u00e9m de acompanhamento social. At\u00e9 o momento, 650 pessoas j\u00e1 aderiram ao programa voluntariamente&#8221;, finalizou.<\/p>\n","protected":false},"excerpt":{"rendered":"<p>Exatos dez meses ap\u00f3s o rompimento da barragem da mineradora Vale em Brumadinho, em Minas Gerais, atingidos convivem com a incerteza sobre o futuro dos&hellip; <\/p>\n","protected":false},"author":1,"featured_media":82848,"comment_status":"closed","ping_status":"closed","sticky":false,"template":"","format":"standard","meta":{"sfsi_plus_gutenberg_text_before_share":"","sfsi_plus_gutenberg_show_text_before_share":"","sfsi_plus_gutenberg_icon_type":"","sfsi_plus_gutenberg_icon_alignemt":"","sfsi_plus_gutenburg_max_per_row":"","footnotes":""},"categories":[2],"tags":[],"class_list":["post-137821","post","type-post","status-publish","format-standard","has-post-thumbnail","hentry","category-geral"],"_links":{"self":[{"href":"https:\/\/www.caririemacao.com\/1\/wp-json\/wp\/v2\/posts\/137821","targetHints":{"allow":["GET"]}}],"collection":[{"href":"https:\/\/www.caririemacao.com\/1\/wp-json\/wp\/v2\/posts"}],"about":[{"href":"https:\/\/www.caririemacao.com\/1\/wp-json\/wp\/v2\/types\/post"}],"author":[{"embeddable":true,"href":"https:\/\/www.caririemacao.com\/1\/wp-json\/wp\/v2\/users\/1"}],"replies":[{"embeddable":true,"href":"https:\/\/www.caririemacao.com\/1\/wp-json\/wp\/v2\/comments?post=137821"}],"version-history":[{"count":1,"href":"https:\/\/www.caririemacao.com\/1\/wp-json\/wp\/v2\/posts\/137821\/revisions"}],"predecessor-version":[{"id":137822,"href":"https:\/\/www.caririemacao.com\/1\/wp-json\/wp\/v2\/posts\/137821\/revisions\/137822"}],"wp:featuredmedia":[{"embeddable":true,"href":"https:\/\/www.caririemacao.com\/1\/wp-json\/wp\/v2\/media\/82848"}],"wp:attachment":[{"href":"https:\/\/www.caririemacao.com\/1\/wp-json\/wp\/v2\/media?parent=137821"}],"wp:term":[{"taxonomy":"category","embeddable":true,"href":"https:\/\/www.caririemacao.com\/1\/wp-json\/wp\/v2\/categories?post=137821"},{"taxonomy":"post_tag","embeddable":true,"href":"https:\/\/www.caririemacao.com\/1\/wp-json\/wp\/v2\/tags?post=137821"}],"curies":[{"name":"wp","href":"https:\/\/api.w.org\/{rel}","templated":true}]}}