{"id":137825,"date":"2019-11-25T14:01:38","date_gmt":"2019-11-25T17:01:38","guid":{"rendered":"http:\/\/www.caririemacao.com\/1\/?p=137825"},"modified":"2019-11-25T14:01:38","modified_gmt":"2019-11-25T17:01:38","slug":"sao-paulo-apresenta-programa-bolsa-primeira-infancia","status":"publish","type":"post","link":"https:\/\/www.caririemacao.com\/1\/2019\/11\/25\/sao-paulo-apresenta-programa-bolsa-primeira-infancia\/","title":{"rendered":"S\u00e3o Paulo apresenta programa Bolsa Primeira Inf\u00e2ncia"},"content":{"rendered":"\n<p>A prefeitura de S\u00e3o Paulo enviou nesta segunda-feira (25) \u00e0 C\u00e2mara Municipal o Projeto de Lei (PL) que prev\u00ea a cria\u00e7\u00e3o do Programa Bolsa Primeira Inf\u00e2ncia. O benef\u00edcio, se aprovado, ser\u00e1 concedido \u00e0s fam\u00edlias em situa\u00e7\u00e3o de vulnerabilidade social, com crian\u00e7as entre 0 e 3 anos de idade e que n\u00e3o estejam matriculadas na rede municipal de educa\u00e7\u00e3o.<\/p>\n\n\n\n<p>Cada fam\u00edlia receber\u00e1 mensalmente R$ 100 por crian\u00e7a, at\u00e9 o limite de tr\u00eas menores, exceto quando h\u00e1 mais de um nascimento por gesta\u00e7\u00e3o. O benef\u00edcio ser\u00e1 tempor\u00e1rio e terminar\u00e1 imediatamente ap\u00f3s o oferecimento de vaga gratuita em unidade de educa\u00e7\u00e3o infantil pr\u00f3xima \u00e0 resid\u00eancia ou endere\u00e7o de trabalho dos pais ou respons\u00e1veis.<\/p>\n\n\n\n<p>&#8220;Inicialmente vai ser feito junto ao pagamento do Bolsa Fam\u00edlia j\u00e1 que s\u00e3o praticamente as mesmas fam\u00edlias que est\u00e3o nessa situa\u00e7\u00e3o de vulnerabilidade.&nbsp; A prefeitura j\u00e1 est\u00e1 se organizando para que o mais r\u00e1pido poss\u00edvel possa come\u00e7ar a pagar essas bolsas&#8221;, informou o prefeito Bruno Covas.<\/p>\n\n\n\n<p>As vagas que ser\u00e3o disponibilizadas \u00e0s crian\u00e7as que fizerem parte do programa ser\u00e3o oferecidas na rede direta ou em parceira da Secretaria Municipal de Educa\u00e7\u00e3o (SME), ou at\u00e9 mesmo em institui\u00e7\u00e3o credenciada em programa pr\u00f3prio da SME.<\/p>\n\n\n\n<h2 class=\"wp-block-heading\">Custos<\/h2>\n\n\n\n<p>\u201cNessa a\u00e7\u00e3o espec\u00edfica a nossa expectativa atual \u00e9 investir algo em torno de R$ 5 milh\u00f5es por m\u00eas, j\u00e1 que&nbsp; temos 51 mil crian\u00e7as na fila que se enquadram no que diz hoje o projeto de lei. De qualquer forma, o or\u00e7amento enviado para C\u00e2mara Municipal j\u00e1 prev\u00ea uma rubrica de R$ 100 milh\u00f5es tanto para compra de vagas na rede privada quanto para essa modalidade de bolsa\u201d, explicou o prefeito.<\/p>\n\n\n\n<p>O projeto de lei prev\u00ea algumas obriga\u00e7\u00f5es \u00e0s fam\u00edlias que conquistarem o direito ao recebimento da bolsa, como a participa\u00e7\u00e3o dos pais ou respons\u00e1veis em atividades de orienta\u00e7\u00e3o sobre parentalidade e cuidados com a primeira inf\u00e2ncia e o cumprimento do calend\u00e1rio de vacina\u00e7\u00e3o da crian\u00e7a, conforme orienta\u00e7\u00f5es do Minist\u00e9rio da Sa\u00fade.<\/p>\n\n\n\n<p>&#8220;Vamos chamar essas fam\u00edlias, periodicamente, para participarem de cursos de orienta\u00e7\u00e3o, preferencialmente nos fins de semana visando permitir a maior presen\u00e7a e orientar sobre os cuidados com seus filhos&#8221;, disse o secret\u00e1rio municipal de Educa\u00e7\u00e3o, Bruno Caetano.<\/p>\n","protected":false},"excerpt":{"rendered":"<p>A prefeitura de S\u00e3o Paulo enviou nesta segunda-feira (25) \u00e0 C\u00e2mara Municipal o Projeto de Lei (PL) que prev\u00ea a cria\u00e7\u00e3o do Programa Bolsa Primeira&hellip; <\/p>\n","protected":false},"author":1,"featured_media":115511,"comment_status":"closed","ping_status":"closed","sticky":false,"template":"","format":"standard","meta":{"sfsi_plus_gutenberg_text_before_share":"","sfsi_plus_gutenberg_show_text_before_share":"","sfsi_plus_gutenberg_icon_type":"","sfsi_plus_gutenberg_icon_alignemt":"","sfsi_plus_gutenburg_max_per_row":"","footnotes":""},"categories":[14],"tags":[],"class_list":["post-137825","post","type-post","status-publish","format-standard","has-post-thumbnail","hentry","category-educacao"],"_links":{"self":[{"href":"https:\/\/www.caririemacao.com\/1\/wp-json\/wp\/v2\/posts\/137825","targetHints":{"allow":["GET"]}}],"collection":[{"href":"https:\/\/www.caririemacao.com\/1\/wp-json\/wp\/v2\/posts"}],"about":[{"href":"https:\/\/www.caririemacao.com\/1\/wp-json\/wp\/v2\/types\/post"}],"author":[{"embeddable":true,"href":"https:\/\/www.caririemacao.com\/1\/wp-json\/wp\/v2\/users\/1"}],"replies":[{"embeddable":true,"href":"https:\/\/www.caririemacao.com\/1\/wp-json\/wp\/v2\/comments?post=137825"}],"version-history":[{"count":1,"href":"https:\/\/www.caririemacao.com\/1\/wp-json\/wp\/v2\/posts\/137825\/revisions"}],"predecessor-version":[{"id":137826,"href":"https:\/\/www.caririemacao.com\/1\/wp-json\/wp\/v2\/posts\/137825\/revisions\/137826"}],"wp:featuredmedia":[{"embeddable":true,"href":"https:\/\/www.caririemacao.com\/1\/wp-json\/wp\/v2\/media\/115511"}],"wp:attachment":[{"href":"https:\/\/www.caririemacao.com\/1\/wp-json\/wp\/v2\/media?parent=137825"}],"wp:term":[{"taxonomy":"category","embeddable":true,"href":"https:\/\/www.caririemacao.com\/1\/wp-json\/wp\/v2\/categories?post=137825"},{"taxonomy":"post_tag","embeddable":true,"href":"https:\/\/www.caririemacao.com\/1\/wp-json\/wp\/v2\/tags?post=137825"}],"curies":[{"name":"wp","href":"https:\/\/api.w.org\/{rel}","templated":true}]}}