{"id":137835,"date":"2019-11-25T14:06:47","date_gmt":"2019-11-25T17:06:47","guid":{"rendered":"http:\/\/www.caririemacao.com\/1\/?p=137835"},"modified":"2019-11-25T14:06:47","modified_gmt":"2019-11-25T17:06:47","slug":"cadela-resgatada-apos-ser-esfaqueada-morre-em-patos","status":"publish","type":"post","link":"https:\/\/www.caririemacao.com\/1\/2019\/11\/25\/cadela-resgatada-apos-ser-esfaqueada-morre-em-patos\/","title":{"rendered":"Cadela resgatada ap\u00f3s ser esfaqueada morre em Patos"},"content":{"rendered":"\n<p>Uma cadela morreu ap\u00f3s ser esfaqueada no bairro Maternidade, em Patos, no Sert\u00e3o da Para\u00edba. Ela foi encontrada ferida na manh\u00e3 do s\u00e1bado (23) e a popula\u00e7\u00e3o acredita que ela tenha sido atacada na madrugada.<\/p>\n\n\n\n<p>As primeiras informa\u00e7\u00f5es s\u00e3o de que o golpe de faca atingiu \u00f3rg\u00e3os vitais da cadela, quebrou ossos dela e causou hemorragia. A ONG Adota Patos foi acionada para socorrer o animal. A cadela foi levada a uma cl\u00ednica no munic\u00edpio, foi tratada, mas n\u00e3o resistiu e morreu.<\/p>\n\n\n\n<p>Nenhum agressor foi identificado e detido, at\u00e9 o in\u00edcio da tarde desta segunda-feira (25). Qualquer informa\u00e7\u00e3o sobre o caso pode ser repassada \u00e0 Pol\u00edcia Civil atrav\u00e9s do 197. Os maus tratos a animais s\u00e3o considerados crimes.<\/p>\n","protected":false},"excerpt":{"rendered":"<p>Uma cadela morreu ap\u00f3s ser esfaqueada no bairro Maternidade, em Patos, no Sert\u00e3o da Para\u00edba. Ela foi encontrada ferida na manh\u00e3 do s\u00e1bado (23) e&hellip; <\/p>\n","protected":false},"author":1,"featured_media":137836,"comment_status":"closed","ping_status":"closed","sticky":false,"template":"","format":"standard","meta":{"sfsi_plus_gutenberg_text_before_share":"","sfsi_plus_gutenberg_show_text_before_share":"","sfsi_plus_gutenberg_icon_type":"","sfsi_plus_gutenberg_icon_alignemt":"","sfsi_plus_gutenburg_max_per_row":"","footnotes":""},"categories":[12],"tags":[],"class_list":["post-137835","post","type-post","status-publish","format-standard","has-post-thumbnail","hentry","category-policia"],"_links":{"self":[{"href":"https:\/\/www.caririemacao.com\/1\/wp-json\/wp\/v2\/posts\/137835","targetHints":{"allow":["GET"]}}],"collection":[{"href":"https:\/\/www.caririemacao.com\/1\/wp-json\/wp\/v2\/posts"}],"about":[{"href":"https:\/\/www.caririemacao.com\/1\/wp-json\/wp\/v2\/types\/post"}],"author":[{"embeddable":true,"href":"https:\/\/www.caririemacao.com\/1\/wp-json\/wp\/v2\/users\/1"}],"replies":[{"embeddable":true,"href":"https:\/\/www.caririemacao.com\/1\/wp-json\/wp\/v2\/comments?post=137835"}],"version-history":[{"count":1,"href":"https:\/\/www.caririemacao.com\/1\/wp-json\/wp\/v2\/posts\/137835\/revisions"}],"predecessor-version":[{"id":137837,"href":"https:\/\/www.caririemacao.com\/1\/wp-json\/wp\/v2\/posts\/137835\/revisions\/137837"}],"wp:featuredmedia":[{"embeddable":true,"href":"https:\/\/www.caririemacao.com\/1\/wp-json\/wp\/v2\/media\/137836"}],"wp:attachment":[{"href":"https:\/\/www.caririemacao.com\/1\/wp-json\/wp\/v2\/media?parent=137835"}],"wp:term":[{"taxonomy":"category","embeddable":true,"href":"https:\/\/www.caririemacao.com\/1\/wp-json\/wp\/v2\/categories?post=137835"},{"taxonomy":"post_tag","embeddable":true,"href":"https:\/\/www.caririemacao.com\/1\/wp-json\/wp\/v2\/tags?post=137835"}],"curies":[{"name":"wp","href":"https:\/\/api.w.org\/{rel}","templated":true}]}}