{"id":137843,"date":"2019-11-25T14:44:46","date_gmt":"2019-11-25T17:44:46","guid":{"rendered":"http:\/\/www.caririemacao.com\/1\/?p=137843"},"modified":"2019-11-25T14:44:46","modified_gmt":"2019-11-25T17:44:46","slug":"prefeito-eden-entrega-mais-10-banheiros-domiciliares-a-zona-rural","status":"publish","type":"post","link":"https:\/\/www.caririemacao.com\/1\/2019\/11\/25\/prefeito-eden-entrega-mais-10-banheiros-domiciliares-a-zona-rural\/","title":{"rendered":"Prefeito \u00c9den entrega mais 10 banheiros domiciliares \u00e0 zona rural"},"content":{"rendered":"\n<p>O prefeito \u00c9den Duarte fez a entrega de mais 10 unidades do Projeto de Implanta\u00e7\u00e3o de Melhorias Sanit\u00e1rias (banheiros domiciliares), nesta segunda-feira (25). Desta vez, os contemplados s\u00e3o do Sitio Cachoeirinha&nbsp;de Cima.<\/p>\n\n\n\n<p>A entrega aconteceu com a assinatura dos benefici\u00e1rios no termo de recebimento da obra, no audit\u00f3rio da Secretaria de Educa\u00e7\u00e3o.<\/p>\n\n\n\n<p>O projeto or\u00e7ado em meio milh\u00e3o de reais, num conv\u00eanio firmado entre a Prefeitura de Sum\u00e9 e a Funasa, j\u00e1&nbsp;construiu 25 banheiros do total de 41 unidades, sendo cinco na zona urbana e as demais na zona rural do munic\u00edpio. Na primeira etapa de execu\u00e7\u00e3o receberam moradores dos s\u00edtios Concei\u00e7\u00e3o e Malhada da Pedra.<\/p>\n\n\n\n<div class=\"wp-block-image\"><figure class=\"alignright\"><a href=\"http:\/\/www.sume.pb.gov.br\/wp-content\/uploads\/2019\/11\/IMG-20191125-WA0035.jpg\"><img decoding=\"async\" data-src=\"http:\/\/www.sume.pb.gov.br\/wp-content\/uploads\/2019\/11\/IMG-20191125-WA0035-300x221.jpg\" alt=\"\" class=\"wp-image-9133 lazyload\" src=\"data:image\/svg+xml;base64,PHN2ZyB3aWR0aD0iMSIgaGVpZ2h0PSIxIiB4bWxucz0iaHR0cDovL3d3dy53My5vcmcvMjAwMC9zdmciPjwvc3ZnPg==\" style=\"--smush-placeholder-width: 300px; --smush-placeholder-aspect-ratio: 300\/221;\" \/><\/a><\/figure><\/div>\n\n\n\n<p>\u201cAl\u00e9m da quest\u00e3o de sa\u00fade, a constru\u00e7\u00e3o desses banheiros traz melhoria na qualidade de vida dessas fam\u00edlias, proporcionando dignidade e inclus\u00e3o social para elas\u201d, destacou \u00c9den.&nbsp;<\/p>\n\n\n\n<p>Todos os banheiros s\u00e3o equipados com&nbsp; pia, bacia sanit\u00e1ria com caixa acoplada, chuveiro, porta de alum\u00ednio, bomba e caixa d\u2019 agua 500 litros.<\/p>\n\n\n\n<p>A solenidade contou com a presen\u00e7a do l\u00edder do governo na C\u00e2mara, vereador Ant\u00f4nio Carlos Sarmento e do vereador Flavio Paulino, al\u00e9m das secret\u00e1rias de Assist\u00eancia&nbsp; Social, Tanniery Lela e da Sa\u00fade, Alessandra Regina.<\/p>\n\n\n\n<p>Tamb\u00e9m &nbsp;estiveram presentes a coordenadora do projeto, Paula W\u00eandia e os engenheiros civis Maria Augusta e Pl\u00ednio Medeiros, que tem acompanhado o andamento das obras.<\/p>\n","protected":false},"excerpt":{"rendered":"<p>O prefeito \u00c9den Duarte fez a entrega de mais 10 unidades do Projeto de Implanta\u00e7\u00e3o de Melhorias Sanit\u00e1rias (banheiros domiciliares), nesta segunda-feira (25). Desta vez,&hellip; <\/p>\n","protected":false},"author":1,"featured_media":137844,"comment_status":"closed","ping_status":"closed","sticky":false,"template":"","format":"standard","meta":{"sfsi_plus_gutenberg_text_before_share":"","sfsi_plus_gutenberg_show_text_before_share":"","sfsi_plus_gutenberg_icon_type":"","sfsi_plus_gutenberg_icon_alignemt":"","sfsi_plus_gutenburg_max_per_row":"","footnotes":""},"categories":[50,2],"tags":[],"class_list":["post-137843","post","type-post","status-publish","format-standard","has-post-thumbnail","hentry","category-destaque","category-geral"],"_links":{"self":[{"href":"https:\/\/www.caririemacao.com\/1\/wp-json\/wp\/v2\/posts\/137843","targetHints":{"allow":["GET"]}}],"collection":[{"href":"https:\/\/www.caririemacao.com\/1\/wp-json\/wp\/v2\/posts"}],"about":[{"href":"https:\/\/www.caririemacao.com\/1\/wp-json\/wp\/v2\/types\/post"}],"author":[{"embeddable":true,"href":"https:\/\/www.caririemacao.com\/1\/wp-json\/wp\/v2\/users\/1"}],"replies":[{"embeddable":true,"href":"https:\/\/www.caririemacao.com\/1\/wp-json\/wp\/v2\/comments?post=137843"}],"version-history":[{"count":1,"href":"https:\/\/www.caririemacao.com\/1\/wp-json\/wp\/v2\/posts\/137843\/revisions"}],"predecessor-version":[{"id":137845,"href":"https:\/\/www.caririemacao.com\/1\/wp-json\/wp\/v2\/posts\/137843\/revisions\/137845"}],"wp:featuredmedia":[{"embeddable":true,"href":"https:\/\/www.caririemacao.com\/1\/wp-json\/wp\/v2\/media\/137844"}],"wp:attachment":[{"href":"https:\/\/www.caririemacao.com\/1\/wp-json\/wp\/v2\/media?parent=137843"}],"wp:term":[{"taxonomy":"category","embeddable":true,"href":"https:\/\/www.caririemacao.com\/1\/wp-json\/wp\/v2\/categories?post=137843"},{"taxonomy":"post_tag","embeddable":true,"href":"https:\/\/www.caririemacao.com\/1\/wp-json\/wp\/v2\/tags?post=137843"}],"curies":[{"name":"wp","href":"https:\/\/api.w.org\/{rel}","templated":true}]}}