{"id":137851,"date":"2019-11-25T14:49:32","date_gmt":"2019-11-25T17:49:32","guid":{"rendered":"http:\/\/www.caririemacao.com\/1\/?p=137851"},"modified":"2019-11-25T14:49:32","modified_gmt":"2019-11-25T17:49:32","slug":"setor-eletrico-requer-investimentos-de-r-450-bilhoes-diz-ministro","status":"publish","type":"post","link":"https:\/\/www.caririemacao.com\/1\/2019\/11\/25\/setor-eletrico-requer-investimentos-de-r-450-bilhoes-diz-ministro\/","title":{"rendered":"Setor el\u00e9trico requer investimentos de R$ 450 bilh\u00f5es, diz ministro"},"content":{"rendered":"\n<p>O ministro de Minas e Energia, Bento Albuquerque, disse hoje (25), no Rio de Janeiro, que o setor el\u00e9trico brasileiro vai demandar investimentos de cerca de R$ 450 bilh\u00f5es at\u00e9 2029 em novas plantas de gera\u00e7\u00e3o e transmiss\u00e3o de energia. Segundo ele, os investimentos s\u00e3o necess\u00e1rios, pois o crescimento estimado em gera\u00e7\u00e3o energ\u00e9tica \u00e9 de 35% e, em transmiss\u00e3o, de 39%.<\/p>\n\n\n\n<p>\u201cPara que isso aconte\u00e7a, temos trabalhado arduamente para atrair investimentos e identificar os custos e benef\u00edcios reais das diversas fontes de gera\u00e7\u00e3o de energia\u201d, afirmou Bento Albuquerque no semin\u00e1rio Perspectivas e Desafios para a Infraestrutura Brasileira, promovido pela Funda\u00e7\u00e3o Getulio Vargas (FGV).<\/p>\n\n\n\n<figure class=\"wp-block-image\"><img decoding=\"async\" data-src=\"http:\/\/imagens.ebc.com.br\/v2WnBlhZNimekdHA3iu6TRh5Gtg=\/754x0\/smart\/http:\/\/agenciabrasil.ebc.com.br\/sites\/default\/files\/thumbnails\/image\/jfcrz_abr_181019975.jpg?itok=twLflJKK\" alt=\"O ministro de Estado de Minas e Energia, Bento Albuquerque, fala \u00e0 imprensa durante o leil\u00e3o de Gera\u00e7\u00e3o A-6, na sede da C\u00e2mara de Comercializa\u00e7\u00e3o de Energia El\u00e9trica - CEE.\" src=\"data:image\/svg+xml;base64,PHN2ZyB3aWR0aD0iMSIgaGVpZ2h0PSIxIiB4bWxucz0iaHR0cDovL3d3dy53My5vcmcvMjAwMC9zdmciPjwvc3ZnPg==\" class=\"lazyload\" \/><\/figure>\n\n\n\n<h6 class=\"wp-block-heading\">O ministro Bento Albuquerque disse que investimentos no setor el\u00e9trico s\u00e3o necess\u00e1rios porque a expans\u00e3o estimada em gera\u00e7\u00e3o energ\u00e9tica \u00e9 de 35%&nbsp;<strong>(Arquivo\/<\/strong><strong>Rovena Rosa\/Ag\u00eancia Brasil<\/strong><\/h6>\n\n\n\n<p>\u201cA vis\u00e3o estrat\u00e9gica que estamos seguindo consiste em investir ainda mais na diversifica\u00e7\u00e3o de nossa matriz energ\u00e9tica, aumentando a inser\u00e7\u00e3o de fontes renov\u00e1veis e limpas com maior racionalidade econ\u00f4mica. Investimentos privados nacionais e estrangeiros s\u00e3o necess\u00e1rios e bem-vindos para impulsionar o setor de energia e a economia brasileira em geral\u201d, completou o ministro.<\/p>\n\n\n\n<h2 class=\"wp-block-heading\">Eletrobras<\/h2>\n\n\n\n<p>Sobre a privatiza\u00e7\u00e3o da Eletrobras, o ministro disse que a empresa precisa ser capitalizada \u201cpara que possa exercer o importante papel que ela tem no setor el\u00e9trico, tanto na gera\u00e7\u00e3o quanto na transmiss\u00e3o de energia\u201d.<\/p>\n\n\n\n<p>O governo enviou um projeto de lei de desestatiza\u00e7\u00e3o da empresa no in\u00edcio do m\u00eas \u00e0 C\u00e2mara dos Deputados. \u201cAcreditamos que, com a tramita\u00e7\u00e3o no Congresso Nacional, o modelo poder\u00e1 at\u00e9 ser aperfei\u00e7oado. O pa\u00eds necessita da Eletrobras, mas n\u00e3o da Eletrobras de hoje, que est\u00e1 fadada a acabar por falta de investimentos\u201d, finalizou.<\/p>\n","protected":false},"excerpt":{"rendered":"<p>O ministro de Minas e Energia, Bento Albuquerque, disse hoje (25), no Rio de Janeiro, que o setor el\u00e9trico brasileiro vai demandar investimentos de cerca&hellip; <\/p>\n","protected":false},"author":1,"featured_media":137852,"comment_status":"closed","ping_status":"closed","sticky":false,"template":"","format":"standard","meta":{"sfsi_plus_gutenberg_text_before_share":"","sfsi_plus_gutenberg_show_text_before_share":"","sfsi_plus_gutenberg_icon_type":"","sfsi_plus_gutenberg_icon_alignemt":"","sfsi_plus_gutenburg_max_per_row":"","footnotes":""},"categories":[2],"tags":[],"class_list":["post-137851","post","type-post","status-publish","format-standard","has-post-thumbnail","hentry","category-geral"],"_links":{"self":[{"href":"https:\/\/www.caririemacao.com\/1\/wp-json\/wp\/v2\/posts\/137851","targetHints":{"allow":["GET"]}}],"collection":[{"href":"https:\/\/www.caririemacao.com\/1\/wp-json\/wp\/v2\/posts"}],"about":[{"href":"https:\/\/www.caririemacao.com\/1\/wp-json\/wp\/v2\/types\/post"}],"author":[{"embeddable":true,"href":"https:\/\/www.caririemacao.com\/1\/wp-json\/wp\/v2\/users\/1"}],"replies":[{"embeddable":true,"href":"https:\/\/www.caririemacao.com\/1\/wp-json\/wp\/v2\/comments?post=137851"}],"version-history":[{"count":1,"href":"https:\/\/www.caririemacao.com\/1\/wp-json\/wp\/v2\/posts\/137851\/revisions"}],"predecessor-version":[{"id":137853,"href":"https:\/\/www.caririemacao.com\/1\/wp-json\/wp\/v2\/posts\/137851\/revisions\/137853"}],"wp:featuredmedia":[{"embeddable":true,"href":"https:\/\/www.caririemacao.com\/1\/wp-json\/wp\/v2\/media\/137852"}],"wp:attachment":[{"href":"https:\/\/www.caririemacao.com\/1\/wp-json\/wp\/v2\/media?parent=137851"}],"wp:term":[{"taxonomy":"category","embeddable":true,"href":"https:\/\/www.caririemacao.com\/1\/wp-json\/wp\/v2\/categories?post=137851"},{"taxonomy":"post_tag","embeddable":true,"href":"https:\/\/www.caririemacao.com\/1\/wp-json\/wp\/v2\/tags?post=137851"}],"curies":[{"name":"wp","href":"https:\/\/api.w.org\/{rel}","templated":true}]}}