{"id":137871,"date":"2019-11-25T16:27:40","date_gmt":"2019-11-25T19:27:40","guid":{"rendered":"http:\/\/www.caririemacao.com\/1\/?p=137871"},"modified":"2019-11-25T16:27:40","modified_gmt":"2019-11-25T19:27:40","slug":"unesco-estabelece-o-dia-mundial-da-lingua-portuguesa","status":"publish","type":"post","link":"https:\/\/www.caririemacao.com\/1\/2019\/11\/25\/unesco-estabelece-o-dia-mundial-da-lingua-portuguesa\/","title":{"rendered":"Unesco estabelece o Dia Mundial da L\u00edngua Portuguesa"},"content":{"rendered":"\n<p>A Unesco ratificou o dia 5 de maio como Dia Mundial da L\u00edngua Portuguesa.&nbsp;A decis\u00e3o ocorreu hoje (25), em Paris, durante a assembleia-geral da Organiza\u00e7\u00e3o das Na\u00e7\u00f5es Unidas para a Educa\u00e7\u00e3o, Ci\u00eancia e Cultura.<\/p>\n\n\n\n<p>A cerim\u00f4nia levou o primeiro-ministro portugu\u00eas, Ant\u00f4nio Costa, \u00e0 capital francesa.&#8221;\u00c9 um passo muito importante para as 260 milh\u00f5es de pessoas que t\u00eam o portugu\u00eas com l\u00edngua oficial e que \u00e9 hoje a l\u00edngua mais falada no hemisf\u00e9rio Sul&#8221;, disse o primeiro-ministro.<\/p>\n\n\n\n<p>Ant\u00f4nio Costa real\u00e7ou que a l\u00edngua portuguesa vai ter &#8220;um forte crescimento&#8221;. Segundo ele,&nbsp;no final do s\u00e9culo 500 milh\u00f5es&nbsp;de pessoas v\u00e3o falar portugu\u00eas,&nbsp; &#8220;l\u00edngua cada vez mais global&#8221;.<\/p>\n\n\n\n<p>\u00c9, por essa raz\u00e3o, uma &#8220;prioridade fundamental na pol\u00edtica externa portuguesa&#8221;, prosseguiu Ant\u00f4nio Costa.<\/p>\n\n\n\n<p>Sobre o reconhecimento da Unesco do 5 de maio como dia oficial da l\u00edngua portuguesa, o primeiro-ministro disse tratar-se de algo &#8220;muito importante porque \u00e9 o reconhecimento desta dimens\u00e3o global numa l\u00edngua que \u00e9 falada oficialmente em nove pa\u00edses, em quatro continentes e que \u00e9 a quinta l\u00edngua mais utilizada no espa\u00e7o da internet&#8221;.<\/p>\n","protected":false},"excerpt":{"rendered":"<p>A Unesco ratificou o dia 5 de maio como Dia Mundial da L\u00edngua Portuguesa.&nbsp;A decis\u00e3o ocorreu hoje (25), em Paris, durante a assembleia-geral da Organiza\u00e7\u00e3o&hellip; <\/p>\n","protected":false},"author":1,"featured_media":137872,"comment_status":"closed","ping_status":"closed","sticky":false,"template":"","format":"standard","meta":{"sfsi_plus_gutenberg_text_before_share":"","sfsi_plus_gutenberg_show_text_before_share":"","sfsi_plus_gutenberg_icon_type":"","sfsi_plus_gutenberg_icon_alignemt":"","sfsi_plus_gutenburg_max_per_row":"","footnotes":""},"categories":[14],"tags":[],"class_list":["post-137871","post","type-post","status-publish","format-standard","has-post-thumbnail","hentry","category-educacao"],"_links":{"self":[{"href":"https:\/\/www.caririemacao.com\/1\/wp-json\/wp\/v2\/posts\/137871","targetHints":{"allow":["GET"]}}],"collection":[{"href":"https:\/\/www.caririemacao.com\/1\/wp-json\/wp\/v2\/posts"}],"about":[{"href":"https:\/\/www.caririemacao.com\/1\/wp-json\/wp\/v2\/types\/post"}],"author":[{"embeddable":true,"href":"https:\/\/www.caririemacao.com\/1\/wp-json\/wp\/v2\/users\/1"}],"replies":[{"embeddable":true,"href":"https:\/\/www.caririemacao.com\/1\/wp-json\/wp\/v2\/comments?post=137871"}],"version-history":[{"count":1,"href":"https:\/\/www.caririemacao.com\/1\/wp-json\/wp\/v2\/posts\/137871\/revisions"}],"predecessor-version":[{"id":137873,"href":"https:\/\/www.caririemacao.com\/1\/wp-json\/wp\/v2\/posts\/137871\/revisions\/137873"}],"wp:featuredmedia":[{"embeddable":true,"href":"https:\/\/www.caririemacao.com\/1\/wp-json\/wp\/v2\/media\/137872"}],"wp:attachment":[{"href":"https:\/\/www.caririemacao.com\/1\/wp-json\/wp\/v2\/media?parent=137871"}],"wp:term":[{"taxonomy":"category","embeddable":true,"href":"https:\/\/www.caririemacao.com\/1\/wp-json\/wp\/v2\/categories?post=137871"},{"taxonomy":"post_tag","embeddable":true,"href":"https:\/\/www.caririemacao.com\/1\/wp-json\/wp\/v2\/tags?post=137871"}],"curies":[{"name":"wp","href":"https:\/\/api.w.org\/{rel}","templated":true}]}}