{"id":137878,"date":"2019-11-26T07:27:09","date_gmt":"2019-11-26T10:27:09","guid":{"rendered":"http:\/\/www.caririemacao.com\/1\/?p=137878"},"modified":"2019-11-25T22:27:24","modified_gmt":"2019-11-26T01:27:24","slug":"secretaria-de-agricultura-e-abastecimento-de-amparo-realizou-campanha-de-vacinacao-contra-febre-aftosa-e-brucelose","status":"publish","type":"post","link":"https:\/\/www.caririemacao.com\/1\/2019\/11\/26\/secretaria-de-agricultura-e-abastecimento-de-amparo-realizou-campanha-de-vacinacao-contra-febre-aftosa-e-brucelose\/","title":{"rendered":"Secretaria de Agricultura e Abastecimento de Amparo realizou campanha de vacina\u00e7\u00e3o contra Febre Aftosa e Brucelose"},"content":{"rendered":"\n<p>A Prefeitura de Amparo atrav\u00e9s da Secretaria Municipal de Agricultura e Abastecimento realiza a campanha de vacina\u00e7\u00e3o contra febre aftosa e Brucelose em todo munic\u00edpio.<br>Para solicitar a vacina\u00e7\u00e3o e o acompanhamento da equipe t\u00e9cnica, o produtor rural deve ir at\u00e9 a Secretaria de Agricultura e Abastecimento e realizar o pr\u00e9-cadastro, para estar recebendo este servi\u00e7o.<br>A equipe t\u00e9cnica \u00e9 coordenada pelo m\u00e9dico veterin\u00e1rio Dr. Wilson Ricardo, D\u00e9 Pereira (t\u00e9cnico veterin\u00e1rio), Sostenes Raniery (t\u00e9cnico em zootecnia) e Aldo Pereira (Engenheiro Agr\u00edcola).<br>Lembrando que a campanha se estende at\u00e9 o final do m\u00eas de novembro. <\/p>\n\n\n\n<p><br><a href=\"https:\/\/1.bp.blogspot.com\/-m_n2vtn30ac\/XdvlcbJ8i4I\/AAAAAAABGD0\/GpmY2m-yGVUKhKBO5lIP8c95TXdbK_vxACLcBGAsYHQ\/s1600\/WhatsApp%2BImage%2B2019-11-23%2Bat%2B2.58.03%2BPM%2B%25281%2529.jpeg\"><\/a><br><a href=\"https:\/\/1.bp.blogspot.com\/-KjrJtFaC4ew\/Xdvlc2qdE4I\/AAAAAAABGD4\/i_WAcdEa03AdVz1-cHyylFwxUD-jOoJJgCLcBGAsYHQ\/s1600\/WhatsApp%2BImage%2B2019-11-23%2Bat%2B2.58.03%2BPM%2B%25282%2529.jpeg\"><\/a><\/p>\n","protected":false},"excerpt":{"rendered":"<p>A Prefeitura de Amparo atrav\u00e9s da Secretaria Municipal de Agricultura e Abastecimento realiza a campanha de vacina\u00e7\u00e3o contra febre aftosa e Brucelose em todo munic\u00edpio.Para&hellip; <\/p>\n","protected":false},"author":1,"featured_media":137879,"comment_status":"closed","ping_status":"closed","sticky":false,"template":"","format":"standard","meta":{"sfsi_plus_gutenberg_text_before_share":"","sfsi_plus_gutenberg_show_text_before_share":"","sfsi_plus_gutenberg_icon_type":"","sfsi_plus_gutenberg_icon_alignemt":"","sfsi_plus_gutenburg_max_per_row":"","footnotes":""},"categories":[6],"tags":[],"class_list":["post-137878","post","type-post","status-publish","format-standard","has-post-thumbnail","hentry","category-cidades"],"_links":{"self":[{"href":"https:\/\/www.caririemacao.com\/1\/wp-json\/wp\/v2\/posts\/137878","targetHints":{"allow":["GET"]}}],"collection":[{"href":"https:\/\/www.caririemacao.com\/1\/wp-json\/wp\/v2\/posts"}],"about":[{"href":"https:\/\/www.caririemacao.com\/1\/wp-json\/wp\/v2\/types\/post"}],"author":[{"embeddable":true,"href":"https:\/\/www.caririemacao.com\/1\/wp-json\/wp\/v2\/users\/1"}],"replies":[{"embeddable":true,"href":"https:\/\/www.caririemacao.com\/1\/wp-json\/wp\/v2\/comments?post=137878"}],"version-history":[{"count":1,"href":"https:\/\/www.caririemacao.com\/1\/wp-json\/wp\/v2\/posts\/137878\/revisions"}],"predecessor-version":[{"id":137880,"href":"https:\/\/www.caririemacao.com\/1\/wp-json\/wp\/v2\/posts\/137878\/revisions\/137880"}],"wp:featuredmedia":[{"embeddable":true,"href":"https:\/\/www.caririemacao.com\/1\/wp-json\/wp\/v2\/media\/137879"}],"wp:attachment":[{"href":"https:\/\/www.caririemacao.com\/1\/wp-json\/wp\/v2\/media?parent=137878"}],"wp:term":[{"taxonomy":"category","embeddable":true,"href":"https:\/\/www.caririemacao.com\/1\/wp-json\/wp\/v2\/categories?post=137878"},{"taxonomy":"post_tag","embeddable":true,"href":"https:\/\/www.caririemacao.com\/1\/wp-json\/wp\/v2\/tags?post=137878"}],"curies":[{"name":"wp","href":"https:\/\/api.w.org\/{rel}","templated":true}]}}