{"id":137881,"date":"2019-11-26T07:20:32","date_gmt":"2019-11-26T10:20:32","guid":{"rendered":"http:\/\/www.caririemacao.com\/1\/?p=137881"},"modified":"2019-11-25T22:28:49","modified_gmt":"2019-11-26T01:28:49","slug":"prefeitura-de-amparo-promoveu-curso-de-atendimento-pre-hospitalar-para-os-profissionais-da-saude","status":"publish","type":"post","link":"https:\/\/www.caririemacao.com\/1\/2019\/11\/26\/prefeitura-de-amparo-promoveu-curso-de-atendimento-pre-hospitalar-para-os-profissionais-da-saude\/","title":{"rendered":"Prefeitura de Amparo promoveu curso de Atendimento Pr\u00e9-hospitalar para os profissionais da sa\u00fade"},"content":{"rendered":"\n<p>Prefeitura Municipal de Amparo atrav\u00e9s da Secretaria Municipal de Sa\u00fade promoveu durante os dias 22 e 23 do m\u00eas corrente, o Curso de Atendimento Pr\u00e9-Hospitalar.<br>Todos os profissionais envolvidos no atendimento da Aten\u00e7\u00e3o B\u00e1sica na unidade de sa\u00fade S\u00e3o Sebasti\u00e3o, participaram efetivamente do curso que teve o objetivo de qualificar ainda mais a equipe com vistas a uma melhor presta\u00e7\u00e3o de servi\u00e7os \u00e0s pacientes.<br>A Secret\u00e1ria de Sa\u00fade Ver\u00f4nica Rafael, agradeceu ao prefeito In\u00e1cio N\u00f3brega pelo desprendimento em atender a solicita\u00e7\u00e3o dos profissionais na \u00e1rea da sa\u00fade para que fosse realizado esse tipo de aten\u00e7\u00e3o para com estes profissionais <\/p>\n","protected":false},"excerpt":{"rendered":"<p>Prefeitura Municipal de Amparo atrav\u00e9s da Secretaria Municipal de Sa\u00fade promoveu durante os dias 22 e 23 do m\u00eas corrente, o Curso de Atendimento Pr\u00e9-Hospitalar.Todos&hellip; <\/p>\n","protected":false},"author":1,"featured_media":137882,"comment_status":"closed","ping_status":"closed","sticky":false,"template":"","format":"standard","meta":{"sfsi_plus_gutenberg_text_before_share":"","sfsi_plus_gutenberg_show_text_before_share":"","sfsi_plus_gutenberg_icon_type":"","sfsi_plus_gutenberg_icon_alignemt":"","sfsi_plus_gutenburg_max_per_row":"","footnotes":""},"categories":[6,50],"tags":[],"class_list":["post-137881","post","type-post","status-publish","format-standard","has-post-thumbnail","hentry","category-cidades","category-destaque"],"_links":{"self":[{"href":"https:\/\/www.caririemacao.com\/1\/wp-json\/wp\/v2\/posts\/137881","targetHints":{"allow":["GET"]}}],"collection":[{"href":"https:\/\/www.caririemacao.com\/1\/wp-json\/wp\/v2\/posts"}],"about":[{"href":"https:\/\/www.caririemacao.com\/1\/wp-json\/wp\/v2\/types\/post"}],"author":[{"embeddable":true,"href":"https:\/\/www.caririemacao.com\/1\/wp-json\/wp\/v2\/users\/1"}],"replies":[{"embeddable":true,"href":"https:\/\/www.caririemacao.com\/1\/wp-json\/wp\/v2\/comments?post=137881"}],"version-history":[{"count":1,"href":"https:\/\/www.caririemacao.com\/1\/wp-json\/wp\/v2\/posts\/137881\/revisions"}],"predecessor-version":[{"id":137883,"href":"https:\/\/www.caririemacao.com\/1\/wp-json\/wp\/v2\/posts\/137881\/revisions\/137883"}],"wp:featuredmedia":[{"embeddable":true,"href":"https:\/\/www.caririemacao.com\/1\/wp-json\/wp\/v2\/media\/137882"}],"wp:attachment":[{"href":"https:\/\/www.caririemacao.com\/1\/wp-json\/wp\/v2\/media?parent=137881"}],"wp:term":[{"taxonomy":"category","embeddable":true,"href":"https:\/\/www.caririemacao.com\/1\/wp-json\/wp\/v2\/categories?post=137881"},{"taxonomy":"post_tag","embeddable":true,"href":"https:\/\/www.caririemacao.com\/1\/wp-json\/wp\/v2\/tags?post=137881"}],"curies":[{"name":"wp","href":"https:\/\/api.w.org\/{rel}","templated":true}]}}