{"id":137885,"date":"2019-11-26T07:21:52","date_gmt":"2019-11-26T10:21:52","guid":{"rendered":"http:\/\/www.caririemacao.com\/1\/?p=137885"},"modified":"2019-11-25T22:30:03","modified_gmt":"2019-11-26T01:30:03","slug":"ministro-do-supremo-notifica-deputado-paraibano-para-se-defender-em-acao","status":"publish","type":"post","link":"https:\/\/www.caririemacao.com\/1\/2019\/11\/26\/ministro-do-supremo-notifica-deputado-paraibano-para-se-defender-em-acao\/","title":{"rendered":"Ministro do Supremo notifica deputado paraibano para se defender em a\u00e7\u00e3o"},"content":{"rendered":"\n<p>O ministro Lu\u00eds Roberto Barroso, do Supremo Tribunal Federal, notificou dias atr\u00e1s o deputado federal paraibano do PSL Julian Lemos, para que ele explique ofensas que fez aos advogados Karina Kufa e Admar Gonzaga.<\/p>\n\n\n\n<p>Ambos atuam na defesa de Jair Bolsonaro e de parlamentares aliados ao presidente na crise com o PSL.<\/p>\n\n\n\n<p>O \u00b4marco zero\u00b4 da confus\u00e3o \u00e9 uma entrevista dos dois advogados, no m\u00eas passado, na qual eles denunciam negociatas nos diret\u00f3rios do PSL em, pelo menos, quatro estados: S\u00e3o Paulo, Cear\u00e1, Rio Grande do Sul e Para\u00edba (presidido por Julian).<\/p>\n\n\n\n<p>\u201cS\u00e3o os locais de onde v\u00eam essas den\u00fancias. Acontece que essas den\u00fancias chegam acompanhadas dos respectivos atos de nomea\u00e7\u00e3o\u201d, disse Admar na ocasi\u00e3o.<\/p>\n\n\n\n<p>Em entrevista ao jornal Valor Econ\u00f4mico (SP), Admar revelou dispor de quantidade suficiente de documentos para amparar abertura de auditoria investigativa: \u201cN\u00f3s temos bastante, muito material que nos empolgou e nos deu a percep\u00e7\u00e3o, a percep\u00e7\u00e3o n\u00e3o, a certeza de que estamos no caminho certo. J\u00e1 temos muitas confirma\u00e7\u00f5es\u201d.<\/p>\n\n\n\n<p>\u201cDiret\u00f3rio n\u00e3o se compra, nem voto. E isso tem de ser investigado, porque naturalmente essa quest\u00e3o ela acaba n\u00e3o indo para conta nenhuma. O dinheiro acaba sendo embolsado por esses respons\u00e1veis que n\u00f3s ainda n\u00e3o temos certeza de quem s\u00e3o\u201d, avan\u00e7ou o advogado e ex-ministro do TSE.<\/p>\n\n\n\n<p>*com informa\u00e7\u00f5es de valor economico<br><\/p>\n","protected":false},"excerpt":{"rendered":"<p>O ministro Lu\u00eds Roberto Barroso, do Supremo Tribunal Federal, notificou dias atr\u00e1s o deputado federal paraibano do PSL Julian Lemos, para que ele explique ofensas&hellip; <\/p>\n","protected":false},"author":1,"featured_media":137886,"comment_status":"closed","ping_status":"closed","sticky":false,"template":"","format":"standard","meta":{"sfsi_plus_gutenberg_text_before_share":"","sfsi_plus_gutenberg_show_text_before_share":"","sfsi_plus_gutenberg_icon_type":"","sfsi_plus_gutenberg_icon_alignemt":"","sfsi_plus_gutenburg_max_per_row":"","footnotes":""},"categories":[11],"tags":[],"class_list":["post-137885","post","type-post","status-publish","format-standard","has-post-thumbnail","hentry","category-politica"],"_links":{"self":[{"href":"https:\/\/www.caririemacao.com\/1\/wp-json\/wp\/v2\/posts\/137885","targetHints":{"allow":["GET"]}}],"collection":[{"href":"https:\/\/www.caririemacao.com\/1\/wp-json\/wp\/v2\/posts"}],"about":[{"href":"https:\/\/www.caririemacao.com\/1\/wp-json\/wp\/v2\/types\/post"}],"author":[{"embeddable":true,"href":"https:\/\/www.caririemacao.com\/1\/wp-json\/wp\/v2\/users\/1"}],"replies":[{"embeddable":true,"href":"https:\/\/www.caririemacao.com\/1\/wp-json\/wp\/v2\/comments?post=137885"}],"version-history":[{"count":1,"href":"https:\/\/www.caririemacao.com\/1\/wp-json\/wp\/v2\/posts\/137885\/revisions"}],"predecessor-version":[{"id":137887,"href":"https:\/\/www.caririemacao.com\/1\/wp-json\/wp\/v2\/posts\/137885\/revisions\/137887"}],"wp:featuredmedia":[{"embeddable":true,"href":"https:\/\/www.caririemacao.com\/1\/wp-json\/wp\/v2\/media\/137886"}],"wp:attachment":[{"href":"https:\/\/www.caririemacao.com\/1\/wp-json\/wp\/v2\/media?parent=137885"}],"wp:term":[{"taxonomy":"category","embeddable":true,"href":"https:\/\/www.caririemacao.com\/1\/wp-json\/wp\/v2\/categories?post=137885"},{"taxonomy":"post_tag","embeddable":true,"href":"https:\/\/www.caririemacao.com\/1\/wp-json\/wp\/v2\/tags?post=137885"}],"curies":[{"name":"wp","href":"https:\/\/api.w.org\/{rel}","templated":true}]}}