{"id":137889,"date":"2019-11-26T07:22:07","date_gmt":"2019-11-26T10:22:07","guid":{"rendered":"http:\/\/www.caririemacao.com\/1\/?p=137889"},"modified":"2019-11-25T22:31:18","modified_gmt":"2019-11-26T01:31:18","slug":"grandes-bancos-anunciam-desconto-de-90-em-renegociacoes","status":"publish","type":"post","link":"https:\/\/www.caririemacao.com\/1\/2019\/11\/26\/grandes-bancos-anunciam-desconto-de-90-em-renegociacoes\/","title":{"rendered":"Grandes bancos anunciam desconto de 90% em renegocia\u00e7\u00f5es"},"content":{"rendered":"\n<p>O Banco do Brasil, o Santander e a Caixa Econ\u00f4mica Federal definiram par\u00e2metros para a semana de educa\u00e7\u00e3o financeira e renegocia\u00e7\u00e3o de d\u00edvidas em atraso, anunciada pela Febraban (Federa\u00e7\u00e3o Brasileira de Bancos) e pelo Banco Central no \u00faltimo dia 21.<\/p>\n\n\n\n<p>O Santander e a Caixa prometem descontos de 90% no valor da d\u00edvida. O BB diz que abater\u00e1 at\u00e9 92%. A a\u00e7\u00e3o, batizada de Semana de Negocia\u00e7\u00e3o e Orienta\u00e7\u00e3o Financeira, ser\u00e1 realizada de 2 a 6 de dezembro.<\/p>\n\n\n\n<p>O BB diz que todos os clientes pessoa f\u00edsica com opera\u00e7\u00f5es de cr\u00e9dito vencidas h\u00e1 mais de 30 dias poder\u00e3o participar. As condi\u00e7\u00f5es incluem desconto no valor do d\u00e9bito, parcelamento em at\u00e9 120 meses e car\u00eancia de at\u00e9 180 dias para iniciar o pagamento.<\/p>\n\n\n\n<p>No dias do mutir\u00e3o de renegocia\u00e7\u00e3o, 57 ag\u00eancias em capitais e no Distrito Federal funcionar\u00e3o com hor\u00e1rio estendido para esse atendimento. As opera\u00e7\u00f5es de negocia\u00e7\u00e3o poder\u00e3o ser feitas tamb\u00e9m pelo site e aplicativo do BB. O banco diz que ter\u00e1 tamb\u00e9m juros menores e redu\u00e7\u00e3o de at\u00e9 14% nas taxas.<\/p>\n\n\n\n<p>A Caixa afirma que as condi\u00e7\u00f5es para renegocia\u00e7\u00e3o depender\u00e3o do perfil do cliente. Para os clientes jur\u00eddicos com cr\u00e9dito comercial em atraso, haver\u00e1 a possibilidade de unificar os contratos e fazer um parcelamento s\u00f3 para todas as d\u00edvidas, que ainda poder\u00e3o ser pagas em at\u00e9 96 vezes.<br>Outras condi\u00e7\u00f5es previstas pelo banco s\u00e3o a realiza\u00e7\u00e3o de uma pausa no pagamento de at\u00e9 uma presta\u00e7\u00e3o que esteja vencida ou a vender e a repactua\u00e7\u00e3o de uma d\u00edvida, com novo prazo para quita\u00e7\u00e3o.<\/p>\n\n\n\n<p>No cr\u00e9dito imobili\u00e1rio, o mutu\u00e1rio poder\u00e1 pagar uma entrada sobre o valor que deve e incorporar o restante \u00e0s demais presta\u00e7\u00f5es. Outra op\u00e7\u00e3o ser\u00e1 fazer um pagamento de entrada e comprometer-se a fazer os demais pagamentos em dia, pelos tr\u00eas meses seguintes.<\/p>\n\n\n\n<p>Depois desse prazo, o restante do saldo devedor ser\u00e1 incorporado ao restante do contrato.<\/p>\n\n\n\n<p>Quem tiver at\u00e9 tr\u00eas parcelas do financiamento imobili\u00e1rio em atraso ter\u00e1 a possibilidade de usar o saldo do FGTS para reduzir em at\u00e9 80% o valor da presta\u00e7\u00e3o, por 12 meses.<\/p>\n\n\n\n<p>Os bancos ainda divulgar\u00e3o que ag\u00eancias ter\u00e3o funcionamento estendido.<\/p>\n\n\n\n<p>No Santander, clientes com atrasos de at\u00e9 60 dias ter\u00e3o redu\u00e7\u00f5es de at\u00e9 20% nas taxas. Os descontos de at\u00e9 90% do valor da d\u00edvidas s\u00e3o previstas para clientes com d\u00e9bitos vencidos j\u00e1 mais de 60 dias.<\/p>\n\n\n\n<p>O Bradesco vai participar e informou que ter\u00e1 prazos e taxas diferenciadas, de acordo com o perfil dos clientes, mas n\u00e3o ainda definiu os par\u00e2metros. O Banrisul diz que ter\u00e1 desconto sobre o total da d\u00edvida e nos juros.<\/p>\n\n\n\n<p>A semana de renegocia\u00e7\u00e3o \u00e9 a primeira medida concreta de um acordo firmado entre o BC (Banco Central) e a Febraban para melhorar a educa\u00e7\u00e3o financeira do pa\u00eds. O projeto tem quatro pilares, que devem ser implementados at\u00e9 maio de 2020.<\/p>\n\n\n\n<p>As demais iniciativas s\u00e3o o lan\u00e7amento de uma plataforma online de educa\u00e7\u00e3o financeira, um concurso e um trabalho conjunto entre as institui\u00e7\u00f5es para a semana nacional de educa\u00e7\u00e3o financeira, sobre o qual n\u00e3o foram divulgados mais detalhes.<\/p>\n","protected":false},"excerpt":{"rendered":"<p>O Banco do Brasil, o Santander e a Caixa Econ\u00f4mica Federal definiram par\u00e2metros para a semana de educa\u00e7\u00e3o financeira e renegocia\u00e7\u00e3o de d\u00edvidas em atraso,&hellip; <\/p>\n","protected":false},"author":1,"featured_media":7941,"comment_status":"closed","ping_status":"closed","sticky":false,"template":"","format":"standard","meta":{"sfsi_plus_gutenberg_text_before_share":"","sfsi_plus_gutenberg_show_text_before_share":"","sfsi_plus_gutenberg_icon_type":"","sfsi_plus_gutenberg_icon_alignemt":"","sfsi_plus_gutenburg_max_per_row":"","footnotes":""},"categories":[2],"tags":[],"class_list":["post-137889","post","type-post","status-publish","format-standard","has-post-thumbnail","hentry","category-geral"],"_links":{"self":[{"href":"https:\/\/www.caririemacao.com\/1\/wp-json\/wp\/v2\/posts\/137889","targetHints":{"allow":["GET"]}}],"collection":[{"href":"https:\/\/www.caririemacao.com\/1\/wp-json\/wp\/v2\/posts"}],"about":[{"href":"https:\/\/www.caririemacao.com\/1\/wp-json\/wp\/v2\/types\/post"}],"author":[{"embeddable":true,"href":"https:\/\/www.caririemacao.com\/1\/wp-json\/wp\/v2\/users\/1"}],"replies":[{"embeddable":true,"href":"https:\/\/www.caririemacao.com\/1\/wp-json\/wp\/v2\/comments?post=137889"}],"version-history":[{"count":1,"href":"https:\/\/www.caririemacao.com\/1\/wp-json\/wp\/v2\/posts\/137889\/revisions"}],"predecessor-version":[{"id":137890,"href":"https:\/\/www.caririemacao.com\/1\/wp-json\/wp\/v2\/posts\/137889\/revisions\/137890"}],"wp:featuredmedia":[{"embeddable":true,"href":"https:\/\/www.caririemacao.com\/1\/wp-json\/wp\/v2\/media\/7941"}],"wp:attachment":[{"href":"https:\/\/www.caririemacao.com\/1\/wp-json\/wp\/v2\/media?parent=137889"}],"wp:term":[{"taxonomy":"category","embeddable":true,"href":"https:\/\/www.caririemacao.com\/1\/wp-json\/wp\/v2\/categories?post=137889"},{"taxonomy":"post_tag","embeddable":true,"href":"https:\/\/www.caririemacao.com\/1\/wp-json\/wp\/v2\/tags?post=137889"}],"curies":[{"name":"wp","href":"https:\/\/api.w.org\/{rel}","templated":true}]}}