{"id":137892,"date":"2019-11-26T07:24:20","date_gmt":"2019-11-26T10:24:20","guid":{"rendered":"http:\/\/www.caririemacao.com\/1\/?p=137892"},"modified":"2019-11-25T22:32:26","modified_gmt":"2019-11-26T01:32:26","slug":"ministra-do-supremo-o-brasil-esta-em-juizo","status":"publish","type":"post","link":"https:\/\/www.caririemacao.com\/1\/2019\/11\/26\/ministra-do-supremo-o-brasil-esta-em-juizo\/","title":{"rendered":"Ministra do Supremo: \u201cO Brasil est\u00e1 em ju\u00edzo\u201d"},"content":{"rendered":"\n<p>A ministra do Supremo Tribunal Federal, C\u00e1rmen Lucia, voltou a criticar o volume de processos no Judici\u00e1rio brasileiro.<\/p>\n\n\n\n<p>\u201cTemos 80 milh\u00f5es de processos. Se considerado que todo processo tem pelo menos duas partes, temos 240 milh\u00f5es de brasileiros. O Brasil est\u00e1 em ju\u00edzo. N\u00e3o quero fechar portas do Judici\u00e1rio, quero abrir as da cidadania e reinventar o Judici\u00e1rio\u201d, alertou a ministra.<\/p>\n\n\n\n<p>*com informa\u00e7\u00f5es do \u00b4Estad\u00e3o\u00b4<\/p>\n","protected":false},"excerpt":{"rendered":"<p>A ministra do Supremo Tribunal Federal, C\u00e1rmen Lucia, voltou a criticar o volume de processos no Judici\u00e1rio brasileiro. \u201cTemos 80 milh\u00f5es de processos. Se considerado&hellip; <\/p>\n","protected":false},"author":1,"featured_media":137893,"comment_status":"closed","ping_status":"closed","sticky":false,"template":"","format":"standard","meta":{"sfsi_plus_gutenberg_text_before_share":"","sfsi_plus_gutenberg_show_text_before_share":"","sfsi_plus_gutenberg_icon_type":"","sfsi_plus_gutenberg_icon_alignemt":"","sfsi_plus_gutenburg_max_per_row":"","footnotes":""},"categories":[11],"tags":[],"class_list":["post-137892","post","type-post","status-publish","format-standard","has-post-thumbnail","hentry","category-politica"],"_links":{"self":[{"href":"https:\/\/www.caririemacao.com\/1\/wp-json\/wp\/v2\/posts\/137892","targetHints":{"allow":["GET"]}}],"collection":[{"href":"https:\/\/www.caririemacao.com\/1\/wp-json\/wp\/v2\/posts"}],"about":[{"href":"https:\/\/www.caririemacao.com\/1\/wp-json\/wp\/v2\/types\/post"}],"author":[{"embeddable":true,"href":"https:\/\/www.caririemacao.com\/1\/wp-json\/wp\/v2\/users\/1"}],"replies":[{"embeddable":true,"href":"https:\/\/www.caririemacao.com\/1\/wp-json\/wp\/v2\/comments?post=137892"}],"version-history":[{"count":1,"href":"https:\/\/www.caririemacao.com\/1\/wp-json\/wp\/v2\/posts\/137892\/revisions"}],"predecessor-version":[{"id":137894,"href":"https:\/\/www.caririemacao.com\/1\/wp-json\/wp\/v2\/posts\/137892\/revisions\/137894"}],"wp:featuredmedia":[{"embeddable":true,"href":"https:\/\/www.caririemacao.com\/1\/wp-json\/wp\/v2\/media\/137893"}],"wp:attachment":[{"href":"https:\/\/www.caririemacao.com\/1\/wp-json\/wp\/v2\/media?parent=137892"}],"wp:term":[{"taxonomy":"category","embeddable":true,"href":"https:\/\/www.caririemacao.com\/1\/wp-json\/wp\/v2\/categories?post=137892"},{"taxonomy":"post_tag","embeddable":true,"href":"https:\/\/www.caririemacao.com\/1\/wp-json\/wp\/v2\/tags?post=137892"}],"curies":[{"name":"wp","href":"https:\/\/api.w.org\/{rel}","templated":true}]}}