{"id":137903,"date":"2019-11-26T07:28:47","date_gmt":"2019-11-26T10:28:47","guid":{"rendered":"http:\/\/www.caririemacao.com\/1\/?p=137903"},"modified":"2019-11-25T22:36:41","modified_gmt":"2019-11-26T01:36:41","slug":"concurso-publico-do-ministerio-publico-do-trabalho-oferece-vagas-com-salario-de-r-337-mil","status":"publish","type":"post","link":"https:\/\/www.caririemacao.com\/1\/2019\/11\/26\/concurso-publico-do-ministerio-publico-do-trabalho-oferece-vagas-com-salario-de-r-337-mil\/","title":{"rendered":"Concurso p\u00fablico do Minist\u00e9rio P\u00fablico do Trabalho oferece vagas com sal\u00e1rio de R$ 33,7 mil"},"content":{"rendered":"\n<p>O Minist\u00e9rio P\u00fablico do Trabalho abre, nesta quarta-feira (27), as inscri\u00e7\u00f5es para concurso p\u00fablico de procurador do trabalho. O certame oferece quatro vagas, com sal\u00e1rio inicial de R$ 33.689,11.<\/p>\n\n\n\n<p>As inscri\u00e7\u00f5es ficar\u00e3o abertas at\u00e9 26 de dezembro,&nbsp;<a href=\"https:\/\/dti.pgt.mpt.gov.br\/concurso\/index.wsp\">pelo endere\u00e7o eletr\u00f4nico<\/a>. A taxa de inscri\u00e7\u00e3o \u00e9 de R$ 250. as provas est\u00e3o previstas para ocorrer em mar\u00e7o de 2020.<\/p>\n\n\n\n<p>O concurso \u00e9 destinado ao preenchimento de vagas nas seguintes Procuradorias Regionais do Trabalho: 3\u00aa Regi\u00e3o (Belo Horizonte \u2013 MG), 9\u00aa Regi\u00e3o (Curitiba \u2013 PR), 10\u00aa Regi\u00e3o (Bras\u00edlia \u2013 DF) e 18\u00aa Regi\u00e3o (Goi\u00e2nia \u2013 Goi\u00e1s).&nbsp;<\/p>\n\n\n\n<p>Al\u00e9m disso, ser\u00e3o preenchidas as demais vagas que, eventualmente, surgirem no prazo de validade do certame, que \u00e9 de dois anos, prorrog\u00e1vel por mais dois.<\/p>\n\n\n\n<p>Para participar do concurso, os candidatos devem possuir curso superior em Direito e no m\u00ednimo tr\u00eas anos de exerc\u00edcio na atividade jur\u00eddica depois de conclu\u00edda a gradua\u00e7\u00e3o.<\/p>\n\n\n\n<p>O concurso \u00e9 constitu\u00eddo de cinco etapas. A primeira \u00e9 a prova objetiva, que est\u00e1 prevista para ocorrer no dia 8 de mar\u00e7o de 2020. Em seguida, haver\u00e1 as provas discursiva e pr\u00e1tica, respectivamente, nos dias 10 e 17 de maio de 2020. Ap\u00f3s a divulga\u00e7\u00e3o dos aprovados na prova pr\u00e1tica, haver\u00e1 inscri\u00e7\u00e3o definitiva entre 19 a 26 de agosto. A \u00faltima fase \u00e9 a aplica\u00e7\u00e3o da prova oral dos dias 21 a 25 de setembro. Haver\u00e1 ainda prova de t\u00edtulos. O resultado final est\u00e1 previsto para o dia 6 de outubro do pr\u00f3ximo ano.<\/p>\n\n\n\n<p>O \u00faltimo concurso para procurador do Trabalho teve 5.293 inscritos.<\/p>\n","protected":false},"excerpt":{"rendered":"<p>O Minist\u00e9rio P\u00fablico do Trabalho abre, nesta quarta-feira (27), as inscri\u00e7\u00f5es para concurso p\u00fablico de procurador do trabalho. O certame oferece quatro vagas, com sal\u00e1rio&hellip; <\/p>\n","protected":false},"author":1,"featured_media":137904,"comment_status":"closed","ping_status":"closed","sticky":false,"template":"","format":"standard","meta":{"sfsi_plus_gutenberg_text_before_share":"","sfsi_plus_gutenberg_show_text_before_share":"","sfsi_plus_gutenberg_icon_type":"","sfsi_plus_gutenberg_icon_alignemt":"","sfsi_plus_gutenburg_max_per_row":"","footnotes":""},"categories":[2],"tags":[],"class_list":["post-137903","post","type-post","status-publish","format-standard","has-post-thumbnail","hentry","category-geral"],"_links":{"self":[{"href":"https:\/\/www.caririemacao.com\/1\/wp-json\/wp\/v2\/posts\/137903","targetHints":{"allow":["GET"]}}],"collection":[{"href":"https:\/\/www.caririemacao.com\/1\/wp-json\/wp\/v2\/posts"}],"about":[{"href":"https:\/\/www.caririemacao.com\/1\/wp-json\/wp\/v2\/types\/post"}],"author":[{"embeddable":true,"href":"https:\/\/www.caririemacao.com\/1\/wp-json\/wp\/v2\/users\/1"}],"replies":[{"embeddable":true,"href":"https:\/\/www.caririemacao.com\/1\/wp-json\/wp\/v2\/comments?post=137903"}],"version-history":[{"count":1,"href":"https:\/\/www.caririemacao.com\/1\/wp-json\/wp\/v2\/posts\/137903\/revisions"}],"predecessor-version":[{"id":137905,"href":"https:\/\/www.caririemacao.com\/1\/wp-json\/wp\/v2\/posts\/137903\/revisions\/137905"}],"wp:featuredmedia":[{"embeddable":true,"href":"https:\/\/www.caririemacao.com\/1\/wp-json\/wp\/v2\/media\/137904"}],"wp:attachment":[{"href":"https:\/\/www.caririemacao.com\/1\/wp-json\/wp\/v2\/media?parent=137903"}],"wp:term":[{"taxonomy":"category","embeddable":true,"href":"https:\/\/www.caririemacao.com\/1\/wp-json\/wp\/v2\/categories?post=137903"},{"taxonomy":"post_tag","embeddable":true,"href":"https:\/\/www.caririemacao.com\/1\/wp-json\/wp\/v2\/tags?post=137903"}],"curies":[{"name":"wp","href":"https:\/\/api.w.org\/{rel}","templated":true}]}}