{"id":137910,"date":"2019-11-26T07:29:52","date_gmt":"2019-11-26T10:29:52","guid":{"rendered":"http:\/\/www.caririemacao.com\/1\/?p=137910"},"modified":"2019-11-25T22:39:38","modified_gmt":"2019-11-26T01:39:38","slug":"ventania-assanha-cabelo-de-reporter-do-sbt-na-paraiba-durante-gravacao-e-video-viraliza","status":"publish","type":"post","link":"https:\/\/www.caririemacao.com\/1\/2019\/11\/26\/ventania-assanha-cabelo-de-reporter-do-sbt-na-paraiba-durante-gravacao-e-video-viraliza\/","title":{"rendered":"Ventania assanha cabelo de rep\u00f3rter do SBT na Para\u00edba durante grava\u00e7\u00e3o e v\u00eddeo viraliza"},"content":{"rendered":"\n<p>A rep\u00f3rter da TV Borborema, Ra\u00edza Tavares, foi surpreendida por um caminh\u00e3o que passava pela estrada e fez o vento assanhar seus cachos. O fato aconteceu durante a grava\u00e7\u00e3o da uma mat\u00e9ria para a emissora afiliada do SBT em Campina Grande, no Agreste da Para\u00edba.<\/p>\n\n\n\n<p>O v\u00eddeo repercutiu no perfil pessoal da rep\u00f3rter no Instagram, na p\u00e1gina da TV Borborema na rede social e no perfil nacional &#8216;Virei Jornalista&#8217;, que reproduz situa\u00e7\u00f5es engra\u00e7adas e reflex\u00f5es geralmente sobre jornalismo e m\u00eddias digitais.<\/p>\n\n\n\n<p>Ao final do texto que a rep\u00f3rter narrava, os cabelos foram assanhados por um forte vento que chegou a ela ap\u00f3s a passagem de um caminh\u00e3o na estrada. Rindo da situa\u00e7\u00e3o, Ra\u00edza perguntou ao cinegrafista: &#8220;Pegou esse final?&#8221;<\/p>\n\n\n\n<p>Veja o v\u00eddeo<\/p>\n\n\n\n<figure><iframe width=\"560\" height=\"315\" data-src=\"https:\/\/www.youtube.com\/embed\/YMlL2Gvd4YQ\" allowfullscreen=\"\" src=\"data:image\/svg+xml;base64,PHN2ZyB3aWR0aD0iMSIgaGVpZ2h0PSIxIiB4bWxucz0iaHR0cDovL3d3dy53My5vcmcvMjAwMC9zdmciPjwvc3ZnPg==\" class=\"lazyload\" data-load-mode=\"1\"><\/iframe><\/figure>\n","protected":false},"excerpt":{"rendered":"<p>A rep\u00f3rter da TV Borborema, Ra\u00edza Tavares, foi surpreendida por um caminh\u00e3o que passava pela estrada e fez o vento assanhar seus cachos. O fato&hellip; <\/p>\n","protected":false},"author":1,"featured_media":137911,"comment_status":"closed","ping_status":"closed","sticky":false,"template":"","format":"standard","meta":{"sfsi_plus_gutenberg_text_before_share":"","sfsi_plus_gutenberg_show_text_before_share":"","sfsi_plus_gutenberg_icon_type":"","sfsi_plus_gutenberg_icon_alignemt":"","sfsi_plus_gutenburg_max_per_row":"","footnotes":""},"categories":[2],"tags":[],"class_list":["post-137910","post","type-post","status-publish","format-standard","has-post-thumbnail","hentry","category-geral"],"_links":{"self":[{"href":"https:\/\/www.caririemacao.com\/1\/wp-json\/wp\/v2\/posts\/137910","targetHints":{"allow":["GET"]}}],"collection":[{"href":"https:\/\/www.caririemacao.com\/1\/wp-json\/wp\/v2\/posts"}],"about":[{"href":"https:\/\/www.caririemacao.com\/1\/wp-json\/wp\/v2\/types\/post"}],"author":[{"embeddable":true,"href":"https:\/\/www.caririemacao.com\/1\/wp-json\/wp\/v2\/users\/1"}],"replies":[{"embeddable":true,"href":"https:\/\/www.caririemacao.com\/1\/wp-json\/wp\/v2\/comments?post=137910"}],"version-history":[{"count":1,"href":"https:\/\/www.caririemacao.com\/1\/wp-json\/wp\/v2\/posts\/137910\/revisions"}],"predecessor-version":[{"id":137912,"href":"https:\/\/www.caririemacao.com\/1\/wp-json\/wp\/v2\/posts\/137910\/revisions\/137912"}],"wp:featuredmedia":[{"embeddable":true,"href":"https:\/\/www.caririemacao.com\/1\/wp-json\/wp\/v2\/media\/137911"}],"wp:attachment":[{"href":"https:\/\/www.caririemacao.com\/1\/wp-json\/wp\/v2\/media?parent=137910"}],"wp:term":[{"taxonomy":"category","embeddable":true,"href":"https:\/\/www.caririemacao.com\/1\/wp-json\/wp\/v2\/categories?post=137910"},{"taxonomy":"post_tag","embeddable":true,"href":"https:\/\/www.caririemacao.com\/1\/wp-json\/wp\/v2\/tags?post=137910"}],"curies":[{"name":"wp","href":"https:\/\/api.w.org\/{rel}","templated":true}]}}