{"id":137914,"date":"2019-11-26T07:20:41","date_gmt":"2019-11-26T10:20:41","guid":{"rendered":"http:\/\/www.caririemacao.com\/1\/?p=137914"},"modified":"2019-11-25T22:40:58","modified_gmt":"2019-11-26T01:40:58","slug":"dolar-vai-a-r-421-e-bate-novo-recorde","status":"publish","type":"post","link":"https:\/\/www.caririemacao.com\/1\/2019\/11\/26\/dolar-vai-a-r-421-e-bate-novo-recorde\/","title":{"rendered":"D\u00f3lar vai a R$ 4,21 e bate novo recorde"},"content":{"rendered":"\n<figure class=\"wp-block-image\"><img decoding=\"async\" data-src=\"https:\/\/thumbor.clickpb.com.br\/SUK1qQtR4teIcOTTwXYeoL35h_0=\/876x585\/top\/smart\/www.clickpb.com.br\/media\/filer_public\/c1\/97\/c1973cbe-02af-45e0-833a-350f726b9d05\/dolar_2.png\" alt=\"\" src=\"data:image\/svg+xml;base64,PHN2ZyB3aWR0aD0iMSIgaGVpZ2h0PSIxIiB4bWxucz0iaHR0cDovL3d3dy53My5vcmcvMjAwMC9zdmciPjwvc3ZnPg==\" class=\"lazyload\" \/><figcaption>Em termos reais, corrigidos pela infla\u00e7\u00e3o, o maior valor do d\u00f3lar \u00e9 de 2002 (Foto: Reprodu\u00e7\u00e3o)<\/figcaption><\/figure>\n\n\n\n<p>S\u00c3O PAULO, SP (FOLHAPRESS) &#8211; A cota\u00e7\u00e3o do d\u00f3lar subiu 0,50% nesta segunda-feira (25) e fechou a R$ 4,2150, novo recorde nominal desde a cria\u00e7\u00e3o do Plano Real. O recorde anterior era da segunda passada (18), quando a moeda foi a R$ 4,2070 e superou a marca anterior de R$ 4,1970 no per\u00edodo eleitoral de 2018.<\/p>\n\n\n\n<p>Em termos reais, corrigidos pela infla\u00e7\u00e3o, o maior valor do d\u00f3lar \u00e9 de 2002. Se for considerado apenas o IPCA (\u00cdndice Nacional de Pre\u00e7os ao Consumidor Amplo), calculado pelo IBGE, o pico de R$ 4 naquele ano, equivale a R$ 10,80 hoje. Caso tamb\u00e9m seja levada em conta a infla\u00e7\u00e3o americana, o valor corrigido seria cerca de R$ 7,50.<\/p>\n\n\n\n<p>No exterior, o vi\u00e9s \u00e9 positivo para as principais Bolsas globais. Nesta segunda (23), o Global Times, tabloide comandado pelo oficial People&#8217;s Daily, do Partido Comunista chin\u00eas, afirmou que China e Estados Unidos est\u00e3o muito pr\u00f3ximos da &#8220;fase um&#8221; de um acordo comercial.<\/p>\n\n\n\n<p>O ve\u00edculo acrescentou que a China tamb\u00e9m permanece comprometida em continuar as negocia\u00e7\u00f5es para a fase dois e mesmo a fase tr\u00eas de um acordo com os EUA, citando especialistas pr\u00f3ximos do governo chin\u00eas.<\/p>\n\n\n\n<p>No entanto, o otimismo comercial foi ofuscado no Brasil pelo an\u00fancio de d\u00e9ficit em transa\u00e7\u00f5es correntes de US$ 7,9 bilh\u00f5es (R$ 33,3 bilh\u00f5es) em outubro, pior resultado para o m\u00eas desde 2014. Somando os \u00faltimos 12 meses, h\u00e1 um saldo negativo equivalente a 3% do PIB (Produto Interno Bruto).<\/p>\n\n\n\n<p>O dado veio pior que a expectativa de analistas consultados pela ag\u00eancia de not\u00edcias Reuters, de rombo de US$ 5,475 bilh\u00f5es. No m\u00eas, os investimentos diretos no pa\u00eds somaram US$ 6,8 bilh\u00f5es, tamb\u00e9m abaixo da proje\u00e7\u00e3o de analistas de US$ 7,5 bilh\u00f5es.<\/p>\n\n\n\n<p>O d\u00e9ficit levou o real a ser a terceira moeda que mais se desvalorizou na sess\u00e3o dentre emergentes, atr\u00e1s apenas da lira turca e do florim h\u00fangaro. A Bolsa brasileira tamb\u00e9m caiu, com recuo de 0,25%, a 108.423 pontos.<\/p>\n\n\n\n<p>Mesmo com o d\u00f3lar em torno de recordes hist\u00f3ricos, o Banco Central n\u00e3o pretende intervir diretamente no c\u00e2mbio. Nesta segunda, a autoridade monet\u00e1ria vendeu todos os 15.700 contratos de swap cambial tradicional em rolagem do vencimento janeiro 2020, mas n\u00e3o aceitou propostas em leil\u00e3o de d\u00f3lar \u00e0 vista e de swap cambial reverso.<\/p>\n\n\n\n<p>A autarquia ainda fez a rolagem integral de US$ 1,5 bilh\u00e3o em linha de moeda com compromisso de recompra, volume que at\u00e9 ent\u00e3o precisaria voltar ao BC no come\u00e7o de dezembro.<\/p>\n\n\n\n<p>Fora o d\u00e9ficit em transa\u00e7\u00f5es correntes, a balan\u00e7a comercial brasileira caminha para fechar novembro no vermelho, o que n\u00e3o acontecia desde novembro de 2014, quando houve d\u00e9ficit de US$ 2,432 bilh\u00f5es.<\/p>\n\n\n\n<p>At\u00e9 agora, novembro deste ano tem um saldo negativo de US$ 1,099 bilh\u00e3o, conforme dados divulgados pelo Minist\u00e9rio da Economia nesta segunda.<\/p>\n\n\n\n<p>Em nota, o Minist\u00e9rio informou que no acumulado do m\u00eas de novembro, as exporta\u00e7\u00f5es ca\u00edram 38,4% sobre igual etapa do ano passado, com recuo de dois d\u00edgitos em todas as categorias. J\u00e1 as importa\u00e7\u00f5es sofreram uma redu\u00e7\u00e3o de 14,8% sobre o mesmo per\u00edodo do ano passado.<\/p>\n\n\n\n<p>Na ponta das exporta\u00e7\u00f5es, o Brasil tem visto um resultado mais fraco em meio \u00e0 desacelera\u00e7\u00e3o do crescimento global, a um cen\u00e1rio de tens\u00f5es comerciais entre China e Estados Unidos e \u00e0 crise econ\u00f4mica na Argentina.<\/p>\n\n\n\n<p>Tamb\u00e9m nesta segunda, o boletim Focus do Banco Central apontou que o mercado prev\u00ea uma infla\u00e7\u00e3o maior este ano. Em rela\u00e7\u00e3o ao boletim da semana passada, o IPCA foi de 3,33% para 3,46%.<\/p>\n\n\n\n<p>Analistas do mercado creditam a mudan\u00e7a a alta do d\u00f3lar. Segundo o Focus, 2019 deve acabar com o d\u00f3lar a R$ 4,10, contra os R$ 4 previstos na semana anterior, antes da cota\u00e7\u00e3o ultrapassar os R$ 4,20.<\/p>\n","protected":false},"excerpt":{"rendered":"<p>S\u00c3O PAULO, SP (FOLHAPRESS) &#8211; A cota\u00e7\u00e3o do d\u00f3lar subiu 0,50% nesta segunda-feira (25) e fechou a R$ 4,2150, novo recorde nominal desde a cria\u00e7\u00e3o&hellip; <\/p>\n","protected":false},"author":1,"featured_media":106539,"comment_status":"closed","ping_status":"closed","sticky":false,"template":"","format":"standard","meta":{"sfsi_plus_gutenberg_text_before_share":"","sfsi_plus_gutenberg_show_text_before_share":"","sfsi_plus_gutenberg_icon_type":"","sfsi_plus_gutenberg_icon_alignemt":"","sfsi_plus_gutenburg_max_per_row":"","footnotes":""},"categories":[11],"tags":[],"class_list":["post-137914","post","type-post","status-publish","format-standard","has-post-thumbnail","hentry","category-politica"],"_links":{"self":[{"href":"https:\/\/www.caririemacao.com\/1\/wp-json\/wp\/v2\/posts\/137914","targetHints":{"allow":["GET"]}}],"collection":[{"href":"https:\/\/www.caririemacao.com\/1\/wp-json\/wp\/v2\/posts"}],"about":[{"href":"https:\/\/www.caririemacao.com\/1\/wp-json\/wp\/v2\/types\/post"}],"author":[{"embeddable":true,"href":"https:\/\/www.caririemacao.com\/1\/wp-json\/wp\/v2\/users\/1"}],"replies":[{"embeddable":true,"href":"https:\/\/www.caririemacao.com\/1\/wp-json\/wp\/v2\/comments?post=137914"}],"version-history":[{"count":1,"href":"https:\/\/www.caririemacao.com\/1\/wp-json\/wp\/v2\/posts\/137914\/revisions"}],"predecessor-version":[{"id":137915,"href":"https:\/\/www.caririemacao.com\/1\/wp-json\/wp\/v2\/posts\/137914\/revisions\/137915"}],"wp:featuredmedia":[{"embeddable":true,"href":"https:\/\/www.caririemacao.com\/1\/wp-json\/wp\/v2\/media\/106539"}],"wp:attachment":[{"href":"https:\/\/www.caririemacao.com\/1\/wp-json\/wp\/v2\/media?parent=137914"}],"wp:term":[{"taxonomy":"category","embeddable":true,"href":"https:\/\/www.caririemacao.com\/1\/wp-json\/wp\/v2\/categories?post=137914"},{"taxonomy":"post_tag","embeddable":true,"href":"https:\/\/www.caririemacao.com\/1\/wp-json\/wp\/v2\/tags?post=137914"}],"curies":[{"name":"wp","href":"https:\/\/api.w.org\/{rel}","templated":true}]}}