{"id":137917,"date":"2019-11-26T07:06:02","date_gmt":"2019-11-26T10:06:02","guid":{"rendered":"http:\/\/www.caririemacao.com\/1\/?p=137917"},"modified":"2019-11-25T22:42:43","modified_gmt":"2019-11-26T01:42:43","slug":"governo-paga-servidores-estaduais-a-partir-desta-quinta-feira","status":"publish","type":"post","link":"https:\/\/www.caririemacao.com\/1\/2019\/11\/26\/governo-paga-servidores-estaduais-a-partir-desta-quinta-feira\/","title":{"rendered":"Governo paga servidores estaduais a partir desta quinta-feira"},"content":{"rendered":"\n<p>O pagamento dos servidores estaduais referente ao m\u00eas de novembro come\u00e7a nesta quinta-feira (28). Aposentados e pensionistas recebem nesta quinta enquanto na sexta-feira (29), recebem os servidores da ativa.&nbsp;<\/p>\n\n\n\n<p>O an\u00fancio foi feito nesta segunda-feira (25) pelo governador Jo\u00e3o Azev\u00eado, durante o programa \u2018Fala, governador\u2019, transmitido em cadeia estadual pela r\u00e1dio Tabajara.&nbsp;<\/p>\n\n\n\n<p>Mais uma vez, o Governo do Estado mant\u00e9m o compromisso de realizar o pagamento dos servidores estaduais dentro do m\u00eas trabalhado, representando uma inje\u00e7\u00e3o de mais de R$ 360 milh\u00f5es na economia do Estado.<\/p>\n\n\n\n<p>\u201cEm dezembro, vamos pagar a segunda parcela do d\u00e9cimo terceiro e a folha do m\u00eas e \u00e9 isso que est\u00e1 tornando a Para\u00edba um estado grande e com exemplos a serem compartilhados com os demais estados do Nordeste\u201d, concluiu.<\/p>\n","protected":false},"excerpt":{"rendered":"<p>O pagamento dos servidores estaduais referente ao m\u00eas de novembro come\u00e7a nesta quinta-feira (28). Aposentados e pensionistas recebem nesta quinta enquanto na sexta-feira (29), recebem&hellip; <\/p>\n","protected":false},"author":1,"featured_media":86871,"comment_status":"closed","ping_status":"closed","sticky":false,"template":"","format":"standard","meta":{"sfsi_plus_gutenberg_text_before_share":"","sfsi_plus_gutenberg_show_text_before_share":"","sfsi_plus_gutenberg_icon_type":"","sfsi_plus_gutenberg_icon_alignemt":"","sfsi_plus_gutenburg_max_per_row":"","footnotes":""},"categories":[11],"tags":[],"class_list":["post-137917","post","type-post","status-publish","format-standard","has-post-thumbnail","hentry","category-politica"],"_links":{"self":[{"href":"https:\/\/www.caririemacao.com\/1\/wp-json\/wp\/v2\/posts\/137917","targetHints":{"allow":["GET"]}}],"collection":[{"href":"https:\/\/www.caririemacao.com\/1\/wp-json\/wp\/v2\/posts"}],"about":[{"href":"https:\/\/www.caririemacao.com\/1\/wp-json\/wp\/v2\/types\/post"}],"author":[{"embeddable":true,"href":"https:\/\/www.caririemacao.com\/1\/wp-json\/wp\/v2\/users\/1"}],"replies":[{"embeddable":true,"href":"https:\/\/www.caririemacao.com\/1\/wp-json\/wp\/v2\/comments?post=137917"}],"version-history":[{"count":1,"href":"https:\/\/www.caririemacao.com\/1\/wp-json\/wp\/v2\/posts\/137917\/revisions"}],"predecessor-version":[{"id":137918,"href":"https:\/\/www.caririemacao.com\/1\/wp-json\/wp\/v2\/posts\/137917\/revisions\/137918"}],"wp:featuredmedia":[{"embeddable":true,"href":"https:\/\/www.caririemacao.com\/1\/wp-json\/wp\/v2\/media\/86871"}],"wp:attachment":[{"href":"https:\/\/www.caririemacao.com\/1\/wp-json\/wp\/v2\/media?parent=137917"}],"wp:term":[{"taxonomy":"category","embeddable":true,"href":"https:\/\/www.caririemacao.com\/1\/wp-json\/wp\/v2\/categories?post=137917"},{"taxonomy":"post_tag","embeddable":true,"href":"https:\/\/www.caririemacao.com\/1\/wp-json\/wp\/v2\/tags?post=137917"}],"curies":[{"name":"wp","href":"https:\/\/api.w.org\/{rel}","templated":true}]}}