{"id":137920,"date":"2019-11-26T07:12:46","date_gmt":"2019-11-26T10:12:46","guid":{"rendered":"http:\/\/www.caririemacao.com\/1\/?p=137920"},"modified":"2019-11-25T22:43:43","modified_gmt":"2019-11-26T01:43:43","slug":"i-exposicao-cariri-mostra-mulheres-sera-realizada-no-nucleo-de-extensao-cultural-cdsa","status":"publish","type":"post","link":"https:\/\/www.caririemacao.com\/1\/2019\/11\/26\/i-exposicao-cariri-mostra-mulheres-sera-realizada-no-nucleo-de-extensao-cultural-cdsa\/","title":{"rendered":"I Exposi\u00e7\u00e3o Cariri Mostra Mulheres ser\u00e1 realizada no N\u00facleo de Extens\u00e3o Cultural-CDSA"},"content":{"rendered":"\n<p>A I Exposi\u00e7\u00e3o Cariri Mostra Mulheres ocorrer\u00e1 na quinta-feira e sexta-feira, 28 e 29 de novembro, no N\u00facleo de Extens\u00e3o Cultural (Next\/CDSA\/UFCG), em alus\u00e3o aos quinze dias de ativismo pelo fim da viol\u00eancia \u00e0s mulheres. O evento est\u00e1 sendo organizado pelo N\u00facleo de Estudos em G\u00eanero e Sexualidade- NEGES, do Centro de Desenvolvimento Sustent\u00e1vel do Semi\u00e1rido da UFCG e pelo Coletivo Viva Mulher e pelo Centro de Refer\u00eancia da Mulher do Cariri, Maria Eliane.<\/p>\n\n\n\n<p>A exposi\u00e7\u00e3o ser\u00e1 aberta ao p\u00fablico e contar\u00e1 as seguintes salas tem\u00e1ticas: Minha roupa n\u00e3o \u00e9 um convite; Tipos de viol\u00eancia contra \u00e0s mulheres; A prote\u00e7\u00e3o \u00e0s mulheres na legisla\u00e7\u00e3o brasileira; As mulheres na hist\u00f3ria no Brasil; As mulheres na pol\u00edtica; Mulheres na ci\u00eancia; Coisas de mulher; Mulheres do campo e uma sala audiovisual onde ser\u00e3o exibidos curta-metragens relacionados a tem\u00e1tica do evento.<\/p>\n\n\n\n<p>O objetivo \u00e9 possibilitar a discuss\u00e3o sobre a tem\u00e1tica da viol\u00eancia contra as mulheres para a popula\u00e7\u00e3o em geral e dar visibilidade \u00e0s mulheres que contribu\u00edram e contribuem nas diversas \u00e1reas do conhecimento como protagonistas da hist\u00f3ria.<\/p>\n\n\n\n<p>No \u00faltimo dia do evento haver\u00e1 apresenta\u00e7\u00f5es art\u00edstico-culturais exclusivamente com mulheres, objetivando reunir e mostrar os talentos art\u00edsticos femininos.<\/p>\n\n\n\n<p>Programa\u00e7\u00e3o<\/p>\n\n\n\n<p>Dia 28\/11\/2019<br>8h30 \u2013 Composi\u00e7\u00e3o da Mesa de abertura da I Exposi\u00e7\u00e3o Cariri Mostra Mulheres<br>9h \u2013 Confer\u00eancia de abertura<br>Palestra: Direitos Humanos das Mulheres e a atual conjuntura. Palestrante: Maria Josilene Oliveira. (Local: Audit\u00f3rio da Secretaria de Educa\u00e7\u00e3o de Sum\u00e9)<br>11h \u2013 Visita\u00e7\u00e3o dos convidados a I Exposi\u00e7\u00e3o Cariri Mostra Mulheres<br>14h \u00e0s 20h \u2013 Exposi\u00e7\u00e3o aberta ao p\u00fablico<\/p>\n\n\n\n<p>Dia 29\/11\/2019<br>8h \u00e0s 12h \u2013 Exposi\u00e7\u00e3o aberta ao p\u00fablico<br>14h \u00e0s 18h \u2013 Exposi\u00e7\u00e3o aberta ao p\u00fablico<br>19h30 \u2013 Atra\u00e7\u00f5es art\u00edstico\/culturais com poetisas, repentistas, aboiadoras, grupos de dan\u00e7a, etc.<br><\/p>\n","protected":false},"excerpt":{"rendered":"<p>A I Exposi\u00e7\u00e3o Cariri Mostra Mulheres ocorrer\u00e1 na quinta-feira e sexta-feira, 28 e 29 de novembro, no N\u00facleo de Extens\u00e3o Cultural (Next\/CDSA\/UFCG), em alus\u00e3o aos&hellip; <\/p>\n","protected":false},"author":1,"featured_media":39552,"comment_status":"closed","ping_status":"closed","sticky":false,"template":"","format":"standard","meta":{"sfsi_plus_gutenberg_text_before_share":"","sfsi_plus_gutenberg_show_text_before_share":"","sfsi_plus_gutenberg_icon_type":"","sfsi_plus_gutenberg_icon_alignemt":"","sfsi_plus_gutenburg_max_per_row":"","footnotes":""},"categories":[14],"tags":[],"class_list":["post-137920","post","type-post","status-publish","format-standard","has-post-thumbnail","hentry","category-educacao"],"_links":{"self":[{"href":"https:\/\/www.caririemacao.com\/1\/wp-json\/wp\/v2\/posts\/137920","targetHints":{"allow":["GET"]}}],"collection":[{"href":"https:\/\/www.caririemacao.com\/1\/wp-json\/wp\/v2\/posts"}],"about":[{"href":"https:\/\/www.caririemacao.com\/1\/wp-json\/wp\/v2\/types\/post"}],"author":[{"embeddable":true,"href":"https:\/\/www.caririemacao.com\/1\/wp-json\/wp\/v2\/users\/1"}],"replies":[{"embeddable":true,"href":"https:\/\/www.caririemacao.com\/1\/wp-json\/wp\/v2\/comments?post=137920"}],"version-history":[{"count":1,"href":"https:\/\/www.caririemacao.com\/1\/wp-json\/wp\/v2\/posts\/137920\/revisions"}],"predecessor-version":[{"id":137921,"href":"https:\/\/www.caririemacao.com\/1\/wp-json\/wp\/v2\/posts\/137920\/revisions\/137921"}],"wp:featuredmedia":[{"embeddable":true,"href":"https:\/\/www.caririemacao.com\/1\/wp-json\/wp\/v2\/media\/39552"}],"wp:attachment":[{"href":"https:\/\/www.caririemacao.com\/1\/wp-json\/wp\/v2\/media?parent=137920"}],"wp:term":[{"taxonomy":"category","embeddable":true,"href":"https:\/\/www.caririemacao.com\/1\/wp-json\/wp\/v2\/categories?post=137920"},{"taxonomy":"post_tag","embeddable":true,"href":"https:\/\/www.caririemacao.com\/1\/wp-json\/wp\/v2\/tags?post=137920"}],"curies":[{"name":"wp","href":"https:\/\/api.w.org\/{rel}","templated":true}]}}