{"id":137923,"date":"2019-11-26T06:54:24","date_gmt":"2019-11-26T09:54:24","guid":{"rendered":"http:\/\/www.caririemacao.com\/1\/?p=137923"},"modified":"2019-11-26T06:54:24","modified_gmt":"2019-11-26T09:54:24","slug":"lideres-se-reunem-com-moro-para-discutir-proposta-que-permite-a-prisao-apos-condenacao-em-segunda-instancia","status":"publish","type":"post","link":"https:\/\/www.caririemacao.com\/1\/2019\/11\/26\/lideres-se-reunem-com-moro-para-discutir-proposta-que-permite-a-prisao-apos-condenacao-em-segunda-instancia\/","title":{"rendered":"L\u00edderes se re\u00fanem com Moro para discutir proposta que permite a pris\u00e3o ap\u00f3s condena\u00e7\u00e3o em segunda inst\u00e2ncia."},"content":{"rendered":"\n<p>L\u00edderes partid\u00e1rios da C\u00e2mara dos Deputados e do Senado se reunir\u00e3o nesta ter\u00e7a-feira (26) com o ministro da Justi\u00e7a, Sergio Moro, para debater a vota\u00e7\u00e3o de uma proposta que permita a pris\u00e3o ap\u00f3s condena\u00e7\u00e3o em segunda inst\u00e2ncia.<\/p>\n\n\n\n<p>O encontro acontecer\u00e1 na resid\u00eancia oficial do presidente do Senado, Davi Alcolumbre (DEM-AP). Tamb\u00e9m s\u00e3o esperados o presidente da C\u00e2mara, Rodrigo Maia (DEM-RJ), e os presidentes das comiss\u00f5es de Constitui\u00e7\u00e3o e Justi\u00e7a das duas Casas, a senadora Simone Tebet (MDB-MS) e o deputado Felipe Francischini (PSL-PR).<\/p>\n\n\n\n<p>Na semana passada, Alcolumbre disse que buscar\u00e1 um acordo entre Senado e C\u00e2mara para definir o texto sobre o tema a ser votado pelos parlamentares.<\/p>\n\n\n\n<p>Nesta segunda (25), por\u00e9m, Maia disse que a C\u00e2mara dar\u00e1 andamento a uma proposta de emenda \u00e0 Constitui\u00e7\u00e3o (PEC) que j\u00e1 passou pela CCJ e ser\u00e1 analisada por uma comiss\u00e3o especial. O texto foi apresentado pelo deputado Alex Manente (Cidadania-SP).<\/p>\n\n\n\n<p>No Senado, um grupo de parlamentares defende a aprova\u00e7\u00e3o de um projeto de lei que altera o C\u00f3digo de Processo Penal (CPP). A proposta foi apresentada pelo senador Laiser Martins (Podemos-RS).<\/p>\n\n\n\n<p>O QUE DIZ A CONSTITUI\u00c7\u00c3O?<\/p>\n\n\n\n<p>Segundo o artigo 5\u00ba da Constitui\u00e7\u00e3o, &#8220;ningu\u00e9m ser\u00e1 considerado culpado at\u00e9 o tr\u00e2nsito em julgado de senten\u00e7a penal condenat\u00f3ria&#8221;. Isto \u00e9, a pessoa n\u00e3o ser\u00e1 considerada culpada por um crime enquanto couber recursos a outras inst\u00e2ncias da Justi\u00e7a.<\/p>\n\n\n\n<p>O QUE O STF DECIDIU?<\/p>\n\n\n\n<p>Por 6 votos a 5, os ministros entenderam que a pris\u00e3o de uma pessoa condenada s\u00f3 pode ser decretada quando houver o tr\u00e2nsito em julgado. A decis\u00e3o mudou o entendimento adotado desde 2016, segundo o qual a pris\u00e3o poderia ser decretada a partir da condena\u00e7\u00e3o em segunda inst\u00e2ncia.<\/p>\n\n\n\n<p>O QUE DIZ A PROPOSTA DO SENADO?<\/p>\n\n\n\n<p>O projeto modifica o artigo 283 do C\u00f3digo de Processo Penal (CPP), especificamente na parte da pris\u00e3o sobre execu\u00e7\u00e3o da pena.<\/p>\n\n\n\n<p>O texto define que a pris\u00e3o poder\u00e1 ocorrer ap\u00f3s &#8220;condena\u00e7\u00e3o criminal exarada por \u00f3rg\u00e3o colegiado&#8221;, o que, na pr\u00e1tica, permite que um tribunal de segunda inst\u00e2ncia autorize a pris\u00e3o.<\/p>\n\n\n\n<p>O QUE DIZ A PROPOSTA DA C\u00c2MARA?<\/p>\n\n\n\n<p>A PEC altera os artigos 102 e 105 da Constitui\u00e7\u00e3o, transformando em a\u00e7\u00f5es independentes os recursos especiais e extraordin\u00e1rios apresentados ao Superior Tribunal de Justi\u00e7a (STJ) e ao STF.<\/p>\n\n\n\n<p>Na pr\u00e1tica, pela PEC, o r\u00e9u s\u00f3 poder\u00e1 recorrer at\u00e9 a segunda inst\u00e2ncia e, depois disso, o processo transitar\u00e1 em julgado. O processo at\u00e9 poder\u00e1 seguir para o STF ou STJ, mas por meio de uma nova a\u00e7\u00e3o para questionar aspectos formais da senten\u00e7a.<\/p>\n\n\n\n<p>EM QUE FASE EST\u00c3O AS PROPOSTAS?<\/p>\n\n\n\n<p>O texto em an\u00e1lise no Senado \u00e9 um projeto de lei. Na semana passada, foi apresentado um relat\u00f3rio favor\u00e1vel \u00e0 proposta, e o tema \u00e9 o primeiro item da pauta da CCJ desta quarta-feira (27). Se aprovado pela comiss\u00e3o, o projeto seguir\u00e1 para vota\u00e7\u00e3o no plen\u00e1rio da Casa. Para ser encaminhado \u00e0 C\u00e2mara, precisa do apoio da maioria simples dos senadores, ou seja, metade dos votos mais um, desde que estejam presentes \u00e0 sess\u00e3o pelo menos 41 dos 81 parlamentares.<\/p>\n\n\n\n<p>A PEC em discuss\u00e3o na C\u00e2mara j\u00e1 passou na CCJ e agora ser\u00e1 analisada por uma comiss\u00e3o especial. O texto a ser aprovado ser\u00e1 enviado ao plen\u00e1rio da Casa. Por se tratar de emenda \u00e0 Constitui\u00e7\u00e3o, a PEC dever\u00e1 ser submetida a dois turnos de vota\u00e7\u00e3o e s\u00f3 ser\u00e1 aprovada se tiver o apoio de pelo menos tr\u00eas quintos dos parlamentares, portanto, 308 dos 513 deputados.<\/p>\n","protected":false},"excerpt":{"rendered":"<p>L\u00edderes partid\u00e1rios da C\u00e2mara dos Deputados e do Senado se reunir\u00e3o nesta ter\u00e7a-feira (26) com o ministro da Justi\u00e7a, Sergio Moro, para debater a vota\u00e7\u00e3o&hellip; <\/p>\n","protected":false},"author":1,"featured_media":129667,"comment_status":"closed","ping_status":"closed","sticky":false,"template":"","format":"standard","meta":{"sfsi_plus_gutenberg_text_before_share":"","sfsi_plus_gutenberg_show_text_before_share":"","sfsi_plus_gutenberg_icon_type":"","sfsi_plus_gutenberg_icon_alignemt":"","sfsi_plus_gutenburg_max_per_row":"","footnotes":""},"categories":[11],"tags":[],"class_list":["post-137923","post","type-post","status-publish","format-standard","has-post-thumbnail","hentry","category-politica"],"_links":{"self":[{"href":"https:\/\/www.caririemacao.com\/1\/wp-json\/wp\/v2\/posts\/137923","targetHints":{"allow":["GET"]}}],"collection":[{"href":"https:\/\/www.caririemacao.com\/1\/wp-json\/wp\/v2\/posts"}],"about":[{"href":"https:\/\/www.caririemacao.com\/1\/wp-json\/wp\/v2\/types\/post"}],"author":[{"embeddable":true,"href":"https:\/\/www.caririemacao.com\/1\/wp-json\/wp\/v2\/users\/1"}],"replies":[{"embeddable":true,"href":"https:\/\/www.caririemacao.com\/1\/wp-json\/wp\/v2\/comments?post=137923"}],"version-history":[{"count":1,"href":"https:\/\/www.caririemacao.com\/1\/wp-json\/wp\/v2\/posts\/137923\/revisions"}],"predecessor-version":[{"id":137925,"href":"https:\/\/www.caririemacao.com\/1\/wp-json\/wp\/v2\/posts\/137923\/revisions\/137925"}],"wp:featuredmedia":[{"embeddable":true,"href":"https:\/\/www.caririemacao.com\/1\/wp-json\/wp\/v2\/media\/129667"}],"wp:attachment":[{"href":"https:\/\/www.caririemacao.com\/1\/wp-json\/wp\/v2\/media?parent=137923"}],"wp:term":[{"taxonomy":"category","embeddable":true,"href":"https:\/\/www.caririemacao.com\/1\/wp-json\/wp\/v2\/categories?post=137923"},{"taxonomy":"post_tag","embeddable":true,"href":"https:\/\/www.caririemacao.com\/1\/wp-json\/wp\/v2\/tags?post=137923"}],"curies":[{"name":"wp","href":"https:\/\/api.w.org\/{rel}","templated":true}]}}