{"id":137933,"date":"2019-11-26T06:58:18","date_gmt":"2019-11-26T09:58:18","guid":{"rendered":"http:\/\/www.caririemacao.com\/1\/?p=137933"},"modified":"2019-11-26T06:58:18","modified_gmt":"2019-11-26T09:58:18","slug":"tse-analisa-liberacao-de-assinatura-eletronica-para-criar-partidos-politicos","status":"publish","type":"post","link":"https:\/\/www.caririemacao.com\/1\/2019\/11\/26\/tse-analisa-liberacao-de-assinatura-eletronica-para-criar-partidos-politicos\/","title":{"rendered":"TSE analisa libera\u00e7\u00e3o de assinatura eletr\u00f4nica para criar partidos pol\u00edticos"},"content":{"rendered":"\n<p>O plen\u00e1rio do Tribunal Superior Eleitoral (TSE) decidir\u00e1 na ter\u00e7a-feira sobre a possibilidade de a Justi\u00e7a Eleitoral aceitar o uso de assinaturas eletr\u00f4nicas para a forma\u00e7\u00e3o de um partido pol\u00edtico, uma causa que tem repercuss\u00e3o direta nos planos do presidente Jair Bolsonaro da criar sua legenda, a Alian\u00e7a pelo Brasil.<\/p>\n\n\n\n<p>Os ministros do TSE v\u00e3o decidir sobre o assunto em uma consulta formulada pelo deputado federal Jer\u00f4nimo Goergen (PP-RS) no ano passado.<\/p>\n\n\n\n<p>Na semana passada, o vice-procurador-geral Eleitoral, Humberto Jacques de Medeiros, se manifestou contra a possibilidade de a Justi\u00e7a Eleitoral aceitar o uso de assinaturas eletr\u00f4nicas legalmente v\u00e1lidas de eleitores que apoiem a forma\u00e7\u00e3o de um partido pol\u00edtico.<\/p>\n\n\n\n<p>A posi\u00e7\u00e3o de Medeiros contraria os planos de Bolsonaro para criar o novo partido. O presidente \u2013que participou na semana passada de ato para o lan\u00e7amento da legenda\u2013 disse que, se o TSE aceitar as assinaturas eletr\u00f4nicas, o partido seria legalmente constitu\u00eddo a tempo de ter candidatos para as elei\u00e7\u00f5es municipais do pr\u00f3ximo ano. Do contr\u00e1rio, segundo ele, a Alian\u00e7a pelo Brasil estar\u00e1 fora da corrida municipal.<\/p>\n\n\n\n<p>Para se criar um partido, entre outras obriga\u00e7\u00f5es, \u00e9 preciso o apoiamento de cerca de 500 mil assinaturas de apoiadores, que precisam ser validadas pela Justi\u00e7a Eleitoral.<\/p>\n\n\n\n<p>Cassa\u00e7\u00e3o<br>Na mesma sess\u00e3o, o TSE julgar\u00e1 duas a\u00e7\u00f5es que pedem a cassa\u00e7\u00e3o do mandato de Bolsonaro e do vice dele, Hamilton Mour\u00e3o, por suposto abuso de poder envolvendo a invas\u00e3o por hackers e altera\u00e7\u00e3o do conte\u00fado da p\u00e1gina no Facebook pertencente ao grupo \u201cMulheres Unidas contra Bolsonaro\u201d.<\/p>\n\n\n\n<p>O perfil das p\u00e1ginas na rede social, segundo os processos, foi alterado para se tornar elogioso \u00e0 ent\u00e3o chapa comandada por Bolsonaro. Nesse caso, entretanto, o parecer do MP Eleitoral \u00e9 pela rejei\u00e7\u00e3o das duas a\u00e7\u00f5es sob a alega\u00e7\u00e3o, em linhas gerais, de que as mudan\u00e7as na p\u00e1gina n\u00e3o tiveram impacto eleitoral.<\/p>\n","protected":false},"excerpt":{"rendered":"<p>O plen\u00e1rio do Tribunal Superior Eleitoral (TSE) decidir\u00e1 na ter\u00e7a-feira sobre a possibilidade de a Justi\u00e7a Eleitoral aceitar o uso de assinaturas eletr\u00f4nicas para a&hellip; <\/p>\n","protected":false},"author":1,"featured_media":137934,"comment_status":"closed","ping_status":"closed","sticky":false,"template":"","format":"standard","meta":{"sfsi_plus_gutenberg_text_before_share":"","sfsi_plus_gutenberg_show_text_before_share":"","sfsi_plus_gutenberg_icon_type":"","sfsi_plus_gutenberg_icon_alignemt":"","sfsi_plus_gutenburg_max_per_row":"","footnotes":""},"categories":[2],"tags":[],"class_list":["post-137933","post","type-post","status-publish","format-standard","has-post-thumbnail","hentry","category-geral"],"_links":{"self":[{"href":"https:\/\/www.caririemacao.com\/1\/wp-json\/wp\/v2\/posts\/137933","targetHints":{"allow":["GET"]}}],"collection":[{"href":"https:\/\/www.caririemacao.com\/1\/wp-json\/wp\/v2\/posts"}],"about":[{"href":"https:\/\/www.caririemacao.com\/1\/wp-json\/wp\/v2\/types\/post"}],"author":[{"embeddable":true,"href":"https:\/\/www.caririemacao.com\/1\/wp-json\/wp\/v2\/users\/1"}],"replies":[{"embeddable":true,"href":"https:\/\/www.caririemacao.com\/1\/wp-json\/wp\/v2\/comments?post=137933"}],"version-history":[{"count":1,"href":"https:\/\/www.caririemacao.com\/1\/wp-json\/wp\/v2\/posts\/137933\/revisions"}],"predecessor-version":[{"id":137935,"href":"https:\/\/www.caririemacao.com\/1\/wp-json\/wp\/v2\/posts\/137933\/revisions\/137935"}],"wp:featuredmedia":[{"embeddable":true,"href":"https:\/\/www.caririemacao.com\/1\/wp-json\/wp\/v2\/media\/137934"}],"wp:attachment":[{"href":"https:\/\/www.caririemacao.com\/1\/wp-json\/wp\/v2\/media?parent=137933"}],"wp:term":[{"taxonomy":"category","embeddable":true,"href":"https:\/\/www.caririemacao.com\/1\/wp-json\/wp\/v2\/categories?post=137933"},{"taxonomy":"post_tag","embeddable":true,"href":"https:\/\/www.caririemacao.com\/1\/wp-json\/wp\/v2\/tags?post=137933"}],"curies":[{"name":"wp","href":"https:\/\/api.w.org\/{rel}","templated":true}]}}