{"id":137937,"date":"2019-11-26T06:59:35","date_gmt":"2019-11-26T09:59:35","guid":{"rendered":"http:\/\/www.caririemacao.com\/1\/?p=137937"},"modified":"2019-11-26T06:59:35","modified_gmt":"2019-11-26T09:59:35","slug":"elevador-despenca-de-4-metros-de-altura-com-dois-idosos-em-cabedelo","status":"publish","type":"post","link":"https:\/\/www.caririemacao.com\/1\/2019\/11\/26\/elevador-despenca-de-4-metros-de-altura-com-dois-idosos-em-cabedelo\/","title":{"rendered":"Elevador despenca de 4 metros de altura com dois idosos em Cabedelo"},"content":{"rendered":"\n<p>Um elevador despencou no fim da tarde desta segunda-feira (25), de uma altura de 4 metros, em uma resid\u00eancia pr\u00f3ximo \u00e0&nbsp;Superintend\u00eancia da Pol\u00edcia Federal, em Cabedelo.<\/p>\n\n\n\n<p>Haviam duas pessoas dentro do elevador adaptado no momento do acidente. Ambos idosos, sendo um cadeirante. Duas viaturas do Corpo de Bombeiros chegaram ao local para os primeiros socorros.<\/p>\n\n\n\n<p>De acordo com o Corpo de Bombeiros ao ClickPB, o elevador caiu do primeiro andar para o t\u00e9rreo. A idosa sofreu ferimentos leves e encontra-se consciente e orientada.<\/p>\n\n\n\n<p>O idoso cadeirante sofreu ferimento grave na cabe\u00e7a e uma parada cardiorrespirat\u00f3ria.<\/p>\n\n\n\n<p>Ele recebeu atendimento e reanima\u00e7\u00e3o cardiopulmonar dos bombeiros no local, enquanto aguardam a chegada de uma viatura do Servi\u00e7o de Atendimento M\u00f3vel de Urg\u00eancia (SAMU).<\/p>\n\n\n\n<p>Os m\u00e9dicos tentaram reanimar o idoso por cerca de 40 minutos, mas n\u00e3o foram bem-sucedidos. Por volta das 19h30, o \u00f3bito do idoso foi confirmado.<\/p>\n\n\n\n<p>A Pol\u00edcia Civil vai investigar as causas do acidente.<\/p>\n","protected":false},"excerpt":{"rendered":"<p>Um elevador despencou no fim da tarde desta segunda-feira (25), de uma altura de 4 metros, em uma resid\u00eancia pr\u00f3ximo \u00e0&nbsp;Superintend\u00eancia da Pol\u00edcia Federal, em&hellip; <\/p>\n","protected":false},"author":1,"featured_media":105426,"comment_status":"closed","ping_status":"closed","sticky":false,"template":"","format":"standard","meta":{"sfsi_plus_gutenberg_text_before_share":"","sfsi_plus_gutenberg_show_text_before_share":"","sfsi_plus_gutenberg_icon_type":"","sfsi_plus_gutenberg_icon_alignemt":"","sfsi_plus_gutenburg_max_per_row":"","footnotes":""},"categories":[2],"tags":[],"class_list":["post-137937","post","type-post","status-publish","format-standard","has-post-thumbnail","hentry","category-geral"],"_links":{"self":[{"href":"https:\/\/www.caririemacao.com\/1\/wp-json\/wp\/v2\/posts\/137937","targetHints":{"allow":["GET"]}}],"collection":[{"href":"https:\/\/www.caririemacao.com\/1\/wp-json\/wp\/v2\/posts"}],"about":[{"href":"https:\/\/www.caririemacao.com\/1\/wp-json\/wp\/v2\/types\/post"}],"author":[{"embeddable":true,"href":"https:\/\/www.caririemacao.com\/1\/wp-json\/wp\/v2\/users\/1"}],"replies":[{"embeddable":true,"href":"https:\/\/www.caririemacao.com\/1\/wp-json\/wp\/v2\/comments?post=137937"}],"version-history":[{"count":1,"href":"https:\/\/www.caririemacao.com\/1\/wp-json\/wp\/v2\/posts\/137937\/revisions"}],"predecessor-version":[{"id":137938,"href":"https:\/\/www.caririemacao.com\/1\/wp-json\/wp\/v2\/posts\/137937\/revisions\/137938"}],"wp:featuredmedia":[{"embeddable":true,"href":"https:\/\/www.caririemacao.com\/1\/wp-json\/wp\/v2\/media\/105426"}],"wp:attachment":[{"href":"https:\/\/www.caririemacao.com\/1\/wp-json\/wp\/v2\/media?parent=137937"}],"wp:term":[{"taxonomy":"category","embeddable":true,"href":"https:\/\/www.caririemacao.com\/1\/wp-json\/wp\/v2\/categories?post=137937"},{"taxonomy":"post_tag","embeddable":true,"href":"https:\/\/www.caririemacao.com\/1\/wp-json\/wp\/v2\/tags?post=137937"}],"curies":[{"name":"wp","href":"https:\/\/api.w.org\/{rel}","templated":true}]}}