{"id":137955,"date":"2019-10-11T10:19:42","date_gmt":"2019-10-11T13:19:42","guid":{"rendered":"http:\/\/www.caririemacao.com\/1\/?p=137955"},"modified":"2019-11-26T09:23:44","modified_gmt":"2019-11-26T12:23:44","slug":"camara-de-sao-joao-do-tigre-esteve-reunida-nesta-ultima-quinta-10","status":"publish","type":"post","link":"https:\/\/www.caririemacao.com\/1\/2019\/10\/11\/camara-de-sao-joao-do-tigre-esteve-reunida-nesta-ultima-quinta-10\/","title":{"rendered":"C\u00e2mara de S\u00e3o Jo\u00e3o do Tigre esteve reunida nesta \u00faltima quinta (10)"},"content":{"rendered":"\n<p>Na ordem do dia constava um requerimento de n\u00b0 01\/2019 do Vereador Arn\u00f3bio Pereira que solicita atrav\u00e9s de of\u00edcios aos Secret\u00e1rios Luiz Couto (agricultura familiar e desenvolvimento do semi \u00e1rido ) e Efraim Morais ( agricultura) , aos Deputados estaduais e federais, aos Senadores , que juntos solicitarem a TCU e a Ministra\u00a0\u00a0da agricultura Tereza Cristina para que seja agilizado os desbloqueios da DAP para o munic\u00edpio de S\u00e3o Jo\u00e3o do Tigre , foram apreciados os seguintes o PL009\/2019 que trata sobre a LOA e tamb\u00e9m o PL 010\/2019 que trata sobre a PPA ambos para o exerc\u00edcio 2020, tamb\u00e9m foi enviado a casa atrav\u00e9s do oficio n\u00b0 00810\/2019 que tratou sobre as contas do Prefeito C\u00e9lio Barbosa do ano 2015.<\/p>\n\n\n\n<p>Tema Livre&nbsp;&nbsp;, o Vereador Ygor Queiroz parabenizou o requerimento de Arn\u00f3bio e falou da transpar\u00eancia na elei\u00e7\u00e3o do conselho tutelar, logo ap\u00f3s a Vereadora&nbsp;&nbsp;Helena Baltazar parabenizou a todos pela linda campanha que aconteceu para conselho tutelar , em seguida o Vereador Luiz de Aroeiras parabenizou todos pela elei\u00e7\u00e3o do conselho tutelar e que os mesmos cuidem de nossos jovens, parabenizou Marreca pela grande festa que o mesmo fez, o Vereador Valdiro falou da elei\u00e7\u00e3o do conselho e toda a comunidade que esteve votando sem ser obrigat\u00f3rio, S\u00e3o Jo\u00e3o do Tigre foi proporcionalmente um dos maiores \u00edndices de vota\u00e7\u00e3o do estado, logo ap\u00f3s o Vereador Salom\u00e3o parabenizou todos os conselheiros independente dos que ganharam ou n\u00e3o&nbsp;&nbsp;&nbsp;, solicitou a c\u00e2mara que fizesse um oficio a PM pedindo que fosse mais ao distrito de Santa Maria aos domingos&nbsp;&nbsp;pelo menos de 15 em 15 dias, Caxexa Vereador&nbsp;&nbsp;parabenizou todos os candidatos ao conselho e ao povo que veio exercer seu direito e por fim o Vereador Arn\u00f3bio Pereira desejou as conselheiros boa sorte nossa nova empreitada e aproveitou para convidar todos para a festa do dia das crian\u00e7as.<\/p>\n\n\n\n<p>A pr\u00f3xima sess\u00e3o ser\u00e1 realizada dia 24 de outubro de 2019 as 09:00.<\/p>\n\n\n\n<p>ASCOM<br><\/p>\n","protected":false},"excerpt":{"rendered":"<p>Na ordem do dia constava um requerimento de n\u00b0 01\/2019 do Vereador Arn\u00f3bio Pereira que solicita atrav\u00e9s de of\u00edcios aos Secret\u00e1rios Luiz Couto (agricultura familiar&hellip; <\/p>\n","protected":false},"author":2,"featured_media":137956,"comment_status":"closed","ping_status":"closed","sticky":false,"template":"","format":"standard","meta":{"sfsi_plus_gutenberg_text_before_share":"","sfsi_plus_gutenberg_show_text_before_share":"","sfsi_plus_gutenberg_icon_type":"","sfsi_plus_gutenberg_icon_alignemt":"","sfsi_plus_gutenburg_max_per_row":"","footnotes":""},"categories":[2],"tags":[],"class_list":["post-137955","post","type-post","status-publish","format-standard","has-post-thumbnail","hentry","category-geral"],"_links":{"self":[{"href":"https:\/\/www.caririemacao.com\/1\/wp-json\/wp\/v2\/posts\/137955","targetHints":{"allow":["GET"]}}],"collection":[{"href":"https:\/\/www.caririemacao.com\/1\/wp-json\/wp\/v2\/posts"}],"about":[{"href":"https:\/\/www.caririemacao.com\/1\/wp-json\/wp\/v2\/types\/post"}],"author":[{"embeddable":true,"href":"https:\/\/www.caririemacao.com\/1\/wp-json\/wp\/v2\/users\/2"}],"replies":[{"embeddable":true,"href":"https:\/\/www.caririemacao.com\/1\/wp-json\/wp\/v2\/comments?post=137955"}],"version-history":[{"count":1,"href":"https:\/\/www.caririemacao.com\/1\/wp-json\/wp\/v2\/posts\/137955\/revisions"}],"predecessor-version":[{"id":137957,"href":"https:\/\/www.caririemacao.com\/1\/wp-json\/wp\/v2\/posts\/137955\/revisions\/137957"}],"wp:featuredmedia":[{"embeddable":true,"href":"https:\/\/www.caririemacao.com\/1\/wp-json\/wp\/v2\/media\/137956"}],"wp:attachment":[{"href":"https:\/\/www.caririemacao.com\/1\/wp-json\/wp\/v2\/media?parent=137955"}],"wp:term":[{"taxonomy":"category","embeddable":true,"href":"https:\/\/www.caririemacao.com\/1\/wp-json\/wp\/v2\/categories?post=137955"},{"taxonomy":"post_tag","embeddable":true,"href":"https:\/\/www.caririemacao.com\/1\/wp-json\/wp\/v2\/tags?post=137955"}],"curies":[{"name":"wp","href":"https:\/\/api.w.org\/{rel}","templated":true}]}}