{"id":137958,"date":"2019-11-08T09:28:26","date_gmt":"2019-11-08T12:28:26","guid":{"rendered":"http:\/\/www.caririemacao.com\/1\/?p=137958"},"modified":"2019-11-26T09:36:22","modified_gmt":"2019-11-26T12:36:22","slug":"com-a-aprovacao-das-contas-do-prefeito-celio-alem-de-ldo-e-ppa-camara-de-sao-joao-do-tigre-esteve-reunida-nesta-quinta-07","status":"publish","type":"post","link":"https:\/\/www.caririemacao.com\/1\/2019\/11\/08\/com-a-aprovacao-das-contas-do-prefeito-celio-alem-de-ldo-e-ppa-camara-de-sao-joao-do-tigre-esteve-reunida-nesta-quinta-07\/","title":{"rendered":"Com a aprova\u00e7\u00e3o das contas do prefeito C\u00e9lio al\u00e9m de LDO e PPA, C\u00e2mara de S\u00e3o Jo\u00e3o do Tigre esteve reunida nesta quinta (07)"},"content":{"rendered":"\n<p>A C\u00e2mara de S\u00e3o Jo\u00e3o do Tigre esteve reunida nesta quinta feira (07) para mais uma sess\u00e3o ordin\u00e1ria com a presen\u00e7a dos vereadores Caxexa, Valdiro, Arnaldo , Lu\u00eds de Aroeiras , Ygor Queiroz , Salom\u00e3o , Leninha , Lucinha e o Presidente da casa Arn\u00f3bio Pereira , estiveram na sess\u00e3o os contadores Emerson Siqueira da gest\u00e3o municipal e Bosco\u00a0 Chaves\u00a0 contador da C\u00e2mara, al\u00e9m do\u00a0 Secret\u00e1rio Elisandro (Assist\u00eancia Social).<\/p>\n\n\n\n<p>Constava na ordem do dia as contas do Prefeito C\u00e9lio Barbosa\u00a0 no ano 2015 a mesma\u00a0 veio com parecer favor\u00e1vel do TCE ap\u00f3s a vota\u00e7\u00e3o no plen\u00e1rio a mesma foi aprovada por 6 x 3, tamb\u00e9m constava na pauta a vota\u00e7\u00e3o da LDO e PPA\u00a0 onde o assessor cont\u00e1bil da gest\u00e3o Emerson Siqueira trouxe os gastos com cada Secretaria na cidade , o vereador Valdiro solicitou que fosse colocado em ata o seu pedido para que a parte de documento fosse entregue em m\u00e3os aos vereadores ap\u00f3s a fala do vereador\u00a0 o Presidente Arn\u00f3bio usou da palavra e rebateu o vereador que n\u00e3o s\u00f3 esse documento que estava a mais de 30 dias na casa mas todos est\u00e3o sempre na casa e a mesma est\u00e1 sempre aberta para qualquer vereador e por fim\u00a0 pediu que cada vereador passasse o e-mail ou quem n\u00e3o tinha criasse onde todos os documentos ir\u00e3o ser enviado por e-mail.\u00a0\u00a0<\/p>\n\n\n\n<p>No uso do tema livre o vereador Lu\u00eds de Aroeiras agradeceu aos vereadores que aprovaram as contas do gestor C\u00e9lio que sempre tem feito muito pela a cidade de S\u00e3o Jo\u00e3o do Tigre , em seguida Ygor Queiroz\u00a0 o mesmo justificou que n\u00e3o seguiu o parecer do TCE devido n\u00e3o ter tido acesso o parecer\u00a0 em seguida logo ap\u00f3s explicou o fato sobre alguns boatos na cidade sobre sua fam\u00edlia e por fim colocou seu nome a disposi\u00e7\u00e3o da oposi\u00e7\u00e3o, o vereador Caxexa falou que sempre vai existir os dois lados na politica e na cidade sempre ser\u00e1 assim e perguntou sobre o prazo da obra de Santa Maria , Valdiro usou da palavra e contou sua historia em tom emocionado\u00a0 por fim , o Secret\u00e1rio Elissandro (Assist\u00eancia Social)\u00a0citou a a quest\u00e3o da elei\u00e7\u00e3o do conselho tutelar onde a mesma tornou-se destaque em todo estado pela transpar\u00eancia no pleito e o mesmo esteve representando a gest\u00e3o solenidade e assinatura do co-financiamento do Governo Estadual onde o Governador Jo\u00e3o Azevedo assinou o co-financiamento\u00a0 falou do cen\u00e1rio politico da cidade e que a gest\u00e3o de c\u00e9lio est\u00e1 com 82% de aprova\u00e7\u00e3o n\u00e3o \u00e9 a toa tem investimentos a olhos n\u00fa, a vereador Leninha falou que sempre votou e votar\u00e1 em tudo que for bem para a cidade e ao mesmo tempo reiterou seu apoio ao Prefeito C\u00e9lio que mudou a cidade de S\u00e3o Jo\u00e3o do Tigre\u00a0 , e por fim Arn\u00f3bio finalizou a sess\u00e3o agradeceu a presen\u00e7a a todos\u00a0 \u00a0e convidou todos para a pr\u00f3xima sess\u00e3o dia 21 de novembro. <\/p>\n\n\n\n<p>ASCOM<\/p>\n","protected":false},"excerpt":{"rendered":"<p>A C\u00e2mara de S\u00e3o Jo\u00e3o do Tigre esteve reunida nesta quinta feira (07) para mais uma sess\u00e3o ordin\u00e1ria com a presen\u00e7a dos vereadores Caxexa, Valdiro,&hellip; <\/p>\n","protected":false},"author":2,"featured_media":137959,"comment_status":"closed","ping_status":"closed","sticky":false,"template":"","format":"standard","meta":{"sfsi_plus_gutenberg_text_before_share":"","sfsi_plus_gutenberg_show_text_before_share":"","sfsi_plus_gutenberg_icon_type":"","sfsi_plus_gutenberg_icon_alignemt":"","sfsi_plus_gutenburg_max_per_row":"","footnotes":""},"categories":[2],"tags":[],"class_list":["post-137958","post","type-post","status-publish","format-standard","has-post-thumbnail","hentry","category-geral"],"_links":{"self":[{"href":"https:\/\/www.caririemacao.com\/1\/wp-json\/wp\/v2\/posts\/137958","targetHints":{"allow":["GET"]}}],"collection":[{"href":"https:\/\/www.caririemacao.com\/1\/wp-json\/wp\/v2\/posts"}],"about":[{"href":"https:\/\/www.caririemacao.com\/1\/wp-json\/wp\/v2\/types\/post"}],"author":[{"embeddable":true,"href":"https:\/\/www.caririemacao.com\/1\/wp-json\/wp\/v2\/users\/2"}],"replies":[{"embeddable":true,"href":"https:\/\/www.caririemacao.com\/1\/wp-json\/wp\/v2\/comments?post=137958"}],"version-history":[{"count":1,"href":"https:\/\/www.caririemacao.com\/1\/wp-json\/wp\/v2\/posts\/137958\/revisions"}],"predecessor-version":[{"id":137960,"href":"https:\/\/www.caririemacao.com\/1\/wp-json\/wp\/v2\/posts\/137958\/revisions\/137960"}],"wp:featuredmedia":[{"embeddable":true,"href":"https:\/\/www.caririemacao.com\/1\/wp-json\/wp\/v2\/media\/137959"}],"wp:attachment":[{"href":"https:\/\/www.caririemacao.com\/1\/wp-json\/wp\/v2\/media?parent=137958"}],"wp:term":[{"taxonomy":"category","embeddable":true,"href":"https:\/\/www.caririemacao.com\/1\/wp-json\/wp\/v2\/categories?post=137958"},{"taxonomy":"post_tag","embeddable":true,"href":"https:\/\/www.caririemacao.com\/1\/wp-json\/wp\/v2\/tags?post=137958"}],"curies":[{"name":"wp","href":"https:\/\/api.w.org\/{rel}","templated":true}]}}