{"id":137961,"date":"2019-11-26T09:45:08","date_gmt":"2019-11-26T12:45:08","guid":{"rendered":"http:\/\/www.caririemacao.com\/1\/?p=137961"},"modified":"2019-11-26T09:45:08","modified_gmt":"2019-11-26T12:45:08","slug":"nao-se-assustem-se-alguem-pedir-o-ai-5-diz-guedes-ao-criticar-lula","status":"publish","type":"post","link":"https:\/\/www.caririemacao.com\/1\/2019\/11\/26\/nao-se-assustem-se-alguem-pedir-o-ai-5-diz-guedes-ao-criticar-lula\/","title":{"rendered":"N\u00e3o se assustem se algu\u00e9m pedir o AI-5\u2019, diz Guedes ao criticar Lula"},"content":{"rendered":"\n<p>O ministro da Economia, Paulo Guedes, condenou nesta segunda-feira discursos do ex-presidente Luiz In\u00e1cio Lula da Silva, que falou em&nbsp;<a href=\"https:\/\/www.clickpb.com.br\/politica\/lula-prega-polarizacao-e-diz-que-nao-da-para-ficar-no-meio-do-caminho-272589.html\">polarizar o pa\u00eds ao deixar a pris\u00e3o<\/a>. Guedes classificou Lula como \u201cirrespons\u00e1vel\u201d e v\u00ea o petista chamando \u201ctodo mundo para quebrar a rua\u201d. Em coletiva de imprensa realizada em Washington, o ministro disse a jornalistas que \u201cn\u00e3o se assustem se algu\u00e9m pedir o AI-5\u201d diante desse cen\u00e1rio.<\/p>\n\n\n\n<p>\u201c\u00c9 irrespons\u00e1vel chamar algu\u00e9m pra rua agora pra fazer quebradeira.&nbsp; Quando o outro lado ganha, com dez meses voc\u00ea j\u00e1 chama todo o mundo para quebrar a rua? Que responsabilidade \u00e9 essa? N\u00e3o se assustem ent\u00e3o se algu\u00e9m pedir o AI-5. J\u00e1 n\u00e3o aconteceu uma vez? Ou foi diferente?\u201d, disse Guedes.<\/p>\n\n\n\n<p>O ministro n\u00e3o \u00e9 o primeiro membro do governo a mencionar o AI-5 \u2013 ato inconstitucional que fechou o Congresso e cassou liberdades durante a ditadura \u2013 como uma resposta poss\u00edvel a uma eventual radicaliza\u00e7\u00e3o da esquerda. H\u00e1 pouco menos de um m\u00eas, o deputado federal Eduardo Bolsonaro deu declara\u00e7\u00e3o semelhante. Na ocasi\u00e3o, o presidente Jair Bolsonaro lamentou a afirma\u00e7\u00e3o do filho.<\/p>\n\n\n\n<p><strong>Grevistas da Petrobras<\/strong><\/p>\n\n\n\n<p>Mais cedo, Guedes sugeriu que demitiria os grevistas da Petrobras se a estatal fosse uma empresa privada comandada por ele. \u201cVoc\u00ea tem excelentes sal\u00e1rios (na Petrobras), bons benef\u00edcios, voc\u00ea tem quase estabilidade de emprego e tenta usar o poder pol\u00edtico para tentar extrair aumento de sal\u00e1rio no momento em que h\u00e1 desemprego em massa? Se fosse uma empresa privada e eu fosse o presidente de uma empresa privada, eu sei o que eu faria\u201d, afirmou o ministro. \u201cCheio de gente procurando emprego e tem gente que fica fazendo greve?\u201d, criticou o ministro, em entrevista coletiva em Washington.<\/p>\n\n\n\n<p>A Federa\u00e7\u00e3o \u00danica dos Petroleiros (FUP), representante de uma parcela dos empregados da Petrobras, entre eles os trabalhadores das plataformas instaladas na Bacia de Campos, manteve a decis\u00e3o de realizar uma greve de cinco dias a partir desta segunda-feira. A reivindica\u00e7\u00e3o \u00e9 pela valoriza\u00e7\u00e3o da seguran\u00e7a e emprego dos trabalhadores, que, segundo a entidade, est\u00e1 em risco por conta das demiss\u00f5es dos \u00faltimos anos.<\/p>\n\n\n\n<p>Segundo o sindicato, algumas unidades da refinaria Rlam, instalada na Bahia, podem parar entre a noite desta segunda e ter\u00e7a-feira por falta de revezamento de turnos.<\/p>\n\n\n\n<p>O ministro disse que o governo n\u00e3o estuda a privatiza\u00e7\u00e3o da Petrobras e nem articula demiss\u00f5es dos grevistas, mas que o posicionamento sobre a situa\u00e7\u00e3o atual dos petroleiros \u00e9 a sua \u201crea\u00e7\u00e3o natural\u201d.<\/p>\n\n\n\n<p>\u201cO que eu sei \u00e9 que a Petrobras foi destru\u00edda e eles (petroleiros) estavam trabalhando l\u00e1, deveriam ter evitado a destrui\u00e7\u00e3o da Petrobras. Tomara que eles estivessem bem alertas nesse tempo todo para merecer o aumento (salarial)\u201d, disse o ministro.<\/p>\n\n\n\n<p>Ap\u00f3s interven\u00e7\u00e3o de um rep\u00f3rter que afirmou que os grevistas n\u00e3o s\u00e3o os integrantes da dire\u00e7\u00e3o da empresa \u2013 que tomaram medidas decis\u00f3rias na \u00e9poca do esc\u00e2ndalo de corrup\u00e7\u00e3o que atingiu a Petrobras, o ministro seguiu: \u201cPor que n\u00e3o houve uma greve na \u00e9poca para parar o assalto na Petrobras?. Petroleiros deveriam estar celebrando a recupera\u00e7\u00e3o financeira da empresa. Quando ela estava quebrada ningu\u00e9m pediu para abaixar o sal\u00e1rio, n\u00e9?\u201d.<\/p>\n\n\n\n<p>Guedes participou hoje em Washington do F\u00f3rum de Altos Executivos Brasil-EUA. A reuni\u00e3o de 20 executivos de empresas que atuam nos dois pa\u00edses foi retomada depois do encontro do presidente Jair Bolsonaro com Donald Trump, em mar\u00e7o, e tem como objetivo identificar pontos em que os dois pa\u00edses podem facilitar com\u00e9rcio e investimentos.<\/p>\n","protected":false},"excerpt":{"rendered":"<p>O ministro da Economia, Paulo Guedes, condenou nesta segunda-feira discursos do ex-presidente Luiz In\u00e1cio Lula da Silva, que falou em&nbsp;polarizar o pa\u00eds ao deixar a&hellip; <\/p>\n","protected":false},"author":1,"featured_media":109971,"comment_status":"closed","ping_status":"closed","sticky":false,"template":"","format":"standard","meta":{"sfsi_plus_gutenberg_text_before_share":"","sfsi_plus_gutenberg_show_text_before_share":"","sfsi_plus_gutenberg_icon_type":"","sfsi_plus_gutenberg_icon_alignemt":"","sfsi_plus_gutenburg_max_per_row":"","footnotes":""},"categories":[2],"tags":[],"class_list":["post-137961","post","type-post","status-publish","format-standard","has-post-thumbnail","hentry","category-geral"],"_links":{"self":[{"href":"https:\/\/www.caririemacao.com\/1\/wp-json\/wp\/v2\/posts\/137961","targetHints":{"allow":["GET"]}}],"collection":[{"href":"https:\/\/www.caririemacao.com\/1\/wp-json\/wp\/v2\/posts"}],"about":[{"href":"https:\/\/www.caririemacao.com\/1\/wp-json\/wp\/v2\/types\/post"}],"author":[{"embeddable":true,"href":"https:\/\/www.caririemacao.com\/1\/wp-json\/wp\/v2\/users\/1"}],"replies":[{"embeddable":true,"href":"https:\/\/www.caririemacao.com\/1\/wp-json\/wp\/v2\/comments?post=137961"}],"version-history":[{"count":1,"href":"https:\/\/www.caririemacao.com\/1\/wp-json\/wp\/v2\/posts\/137961\/revisions"}],"predecessor-version":[{"id":137963,"href":"https:\/\/www.caririemacao.com\/1\/wp-json\/wp\/v2\/posts\/137961\/revisions\/137963"}],"wp:featuredmedia":[{"embeddable":true,"href":"https:\/\/www.caririemacao.com\/1\/wp-json\/wp\/v2\/media\/109971"}],"wp:attachment":[{"href":"https:\/\/www.caririemacao.com\/1\/wp-json\/wp\/v2\/media?parent=137961"}],"wp:term":[{"taxonomy":"category","embeddable":true,"href":"https:\/\/www.caririemacao.com\/1\/wp-json\/wp\/v2\/categories?post=137961"},{"taxonomy":"post_tag","embeddable":true,"href":"https:\/\/www.caririemacao.com\/1\/wp-json\/wp\/v2\/tags?post=137961"}],"curies":[{"name":"wp","href":"https:\/\/api.w.org\/{rel}","templated":true}]}}