{"id":137971,"date":"2019-11-26T09:52:49","date_gmt":"2019-11-26T12:52:49","guid":{"rendered":"http:\/\/www.caririemacao.com\/1\/?p=137971"},"modified":"2019-11-26T09:52:49","modified_gmt":"2019-11-26T12:52:49","slug":"ministra-convoca-entrevista-fica-calada-e-depois-avisa-que-foi-encenacao","status":"publish","type":"post","link":"https:\/\/www.caririemacao.com\/1\/2019\/11\/26\/ministra-convoca-entrevista-fica-calada-e-depois-avisa-que-foi-encenacao\/","title":{"rendered":"Ministra convoca entrevista, fica calada e depois avisa que foi encena\u00e7\u00e3o"},"content":{"rendered":"\n<p>&nbsp;A ministra Damares Alves (Fam\u00edlia, Mulher e Direitos Humanos) convocou a imprensa para uma entrevista coletiva, n\u00e3o respondeu a perguntas, abandonou o local sem falar com jornalistas e depois admitiu se tratar de uma encena\u00e7\u00e3o.<\/p>\n\n\n\n<p>O epis\u00f3dio ocorreu na tarde desta segunda-feira (25) no Pal\u00e1cio do Planalto. No local, autoridades participaram em seguida de evento em raz\u00e3o do Dia Nacional de Enfrentamento da Viol\u00eancia contra a Mulher.<\/p>\n\n\n\n<p>Damares chamou jornalistas \u00e0s 15h e chegou ao local, no segundo andar do Planalto, com trinta minutos de atraso. Diante do primeiro coment\u00e1rio e das perguntas iniciais dos jornalistas, deixou o local sem dar nenhuma declara\u00e7\u00e3o.<\/p>\n\n\n\n<p>Antes, fez um gesto de nega\u00e7\u00e3o com a cabe\u00e7a, ao moviment\u00e1-la de um lado para o outro, e levantou as m\u00e3os para o alto, aparentando estar emocionada e impedida de falar.<\/p>\n\n\n\n<p>A cena durou 30 segundos. Ap\u00f3s a realiza\u00e7\u00e3o do evento, do qual participou o presidente Jair Bolsonaro, Damares disse que a simula\u00e7\u00e3o foi feita para mostrar como as mulheres s\u00e3o silenciadas.<\/p>\n\n\n\n<p>As explica\u00e7\u00f5es foram dadas apenas ap\u00f3s o fim da cerim\u00f4nia, em que Damares prometeu ampliar o atendimento de mulheres v\u00edtimas de viol\u00eancia ao acrescentar \u00e0s delegacias do pa\u00eds \u201csalinhas pintadas de rosa\u201d.<\/p>\n\n\n\n<p>\u201cEu fiquei em sil\u00eancio para que voc\u00eas sintam como \u00e9 dif\u00edcil uma mulher ficar em sil\u00eancio. Quando eu queria falar tanto para voc\u00eas hoje, dizer dessa campanha bel\u00edssima, eu preferi o sil\u00eancio. \u00c9 muito ruim tirar a voz de uma mulher. Era esse o recado que eu queria dar, e obrigada por terem participado voluntariamente e involuntariamente da campanha. Que todas as mulheres tenham voz\u201d, disse a ministra em entrevista ao final da cerim\u00f4nia.<\/p>\n\n\n\n<p>Ela disse haver j\u00e1 or\u00e7amento previsto para a a\u00e7\u00e3o, mas n\u00e3o soube dizer o valor. Isso, segundo Damares, deve come\u00e7ar a ser feito a partir de janeiro de 2020.<\/p>\n\n\n\n<p>Damares disse que a ideia de criar salas rosas nas delegacias comuns n\u00e3o quer dizer que ela v\u00e1 acabar com as unidades especializadas em atender as mulheres.<\/p>\n\n\n\n<p>\u201cN\u00e3o, n\u00f3s vamos ter mais delegacia das mulheres e nos lugares em que n\u00e3o tiver delegacia da mulher vai ter um servi\u00e7o especializado de atendimento at\u00e9 chegar a delegacia da mulher l\u00e1. O que n\u00e3o podemos \u00e9 deixar a mulher sem um atendimento especial em todas as delegacias\u201d, disse.<\/p>\n\n\n\n<p>Segundo ela, os agentes come\u00e7ar\u00e3o a ser capacitados no come\u00e7o do ano que vem.<\/p>\n\n\n\n<p>\u201cN\u00f3s vamos procurar que o governo federal, num primeiro momento, arque com o treinamento. Mas claro, vai ter um momento que vai precisar trazer o estado, e os munic\u00edpios tamb\u00e9m para este curso, para esta capacita\u00e7\u00e3o.\u201d<\/p>\n\n\n\n<p>Durante o evento, que contou com a participa\u00e7\u00e3o do presidente Jair Bolsonaro, foi lan\u00e7ada a campanha #Vctemvoz.<\/p>\n\n\n\n<p>De acordo com a Secom (Secretaria Especial de Comunica\u00e7\u00e3o), o custo total foi de R$ 11 milh\u00f5es. Entre os materiais divulgados est\u00e1 um videoclipe da dupla sertaneja Simone e Simaria, que cantou uma m\u00fasica chamada \u201cAmor que d\u00f3i\u201d.<\/p>\n\n\n\n<p>Bolsonaro fez uma breve fala e disse que todos sentem quando uma mulher \u00e9 agredida.<\/p>\n\n\n\n<p>\u201cQuando uma mulher sofre uma agress\u00e3o f\u00edsica ou moral todos n\u00f3s sentimos, mas n\u00f3s temos que criar meios para dissuadir os agressores. Criar novas leis que os fa\u00e7am sentir, que os fa\u00e7am cada vez mais se arrependerem de seus atos\u201d, disse.<\/p>\n\n\n\n<p>Ele ainda disse que espera que as a\u00e7\u00f5es de seu governo ajudem a proteger sua filha no futuro. O presidente \u00e9 pai de Laura, 9, e de quatro filhos homens.<\/p>\n\n\n\n<p>\u201cO que eu fa\u00e7o hoje, o que a Damares faz hoje, o que n\u00f3s fazemos, ser\u00e1 revertido em benef\u00edcio para essa minha filha. Eu n\u00e3o consigo imaginar ela sofrendo agress\u00e3o um dia\u201d, disse.<\/p>\n","protected":false},"excerpt":{"rendered":"<p>&nbsp;A ministra Damares Alves (Fam\u00edlia, Mulher e Direitos Humanos) convocou a imprensa para uma entrevista coletiva, n\u00e3o respondeu a perguntas, abandonou o local sem falar&hellip; <\/p>\n","protected":false},"author":1,"featured_media":87624,"comment_status":"closed","ping_status":"closed","sticky":false,"template":"","format":"standard","meta":{"sfsi_plus_gutenberg_text_before_share":"","sfsi_plus_gutenberg_show_text_before_share":"","sfsi_plus_gutenberg_icon_type":"","sfsi_plus_gutenberg_icon_alignemt":"","sfsi_plus_gutenburg_max_per_row":"","footnotes":""},"categories":[11],"tags":[],"class_list":["post-137971","post","type-post","status-publish","format-standard","has-post-thumbnail","hentry","category-politica"],"_links":{"self":[{"href":"https:\/\/www.caririemacao.com\/1\/wp-json\/wp\/v2\/posts\/137971","targetHints":{"allow":["GET"]}}],"collection":[{"href":"https:\/\/www.caririemacao.com\/1\/wp-json\/wp\/v2\/posts"}],"about":[{"href":"https:\/\/www.caririemacao.com\/1\/wp-json\/wp\/v2\/types\/post"}],"author":[{"embeddable":true,"href":"https:\/\/www.caririemacao.com\/1\/wp-json\/wp\/v2\/users\/1"}],"replies":[{"embeddable":true,"href":"https:\/\/www.caririemacao.com\/1\/wp-json\/wp\/v2\/comments?post=137971"}],"version-history":[{"count":1,"href":"https:\/\/www.caririemacao.com\/1\/wp-json\/wp\/v2\/posts\/137971\/revisions"}],"predecessor-version":[{"id":137972,"href":"https:\/\/www.caririemacao.com\/1\/wp-json\/wp\/v2\/posts\/137971\/revisions\/137972"}],"wp:featuredmedia":[{"embeddable":true,"href":"https:\/\/www.caririemacao.com\/1\/wp-json\/wp\/v2\/media\/87624"}],"wp:attachment":[{"href":"https:\/\/www.caririemacao.com\/1\/wp-json\/wp\/v2\/media?parent=137971"}],"wp:term":[{"taxonomy":"category","embeddable":true,"href":"https:\/\/www.caririemacao.com\/1\/wp-json\/wp\/v2\/categories?post=137971"},{"taxonomy":"post_tag","embeddable":true,"href":"https:\/\/www.caririemacao.com\/1\/wp-json\/wp\/v2\/tags?post=137971"}],"curies":[{"name":"wp","href":"https:\/\/api.w.org\/{rel}","templated":true}]}}