{"id":137976,"date":"2019-11-26T13:21:29","date_gmt":"2019-11-26T16:21:29","guid":{"rendered":"http:\/\/www.caririemacao.com\/1\/?p=137976"},"modified":"2019-11-26T13:21:29","modified_gmt":"2019-11-26T16:21:29","slug":"servidores-da-ufpb-decretam-paralisacao-de-48h-contra-reforma-administrativa-do-governo-bolsonaro","status":"publish","type":"post","link":"https:\/\/www.caririemacao.com\/1\/2019\/11\/26\/servidores-da-ufpb-decretam-paralisacao-de-48h-contra-reforma-administrativa-do-governo-bolsonaro\/","title":{"rendered":"Servidores da UFPB decretam paralisa\u00e7\u00e3o de 48h contra reforma administrativa do governo Bolsonaro"},"content":{"rendered":"\n<p>Os servidores da Universidade Federal da Para\u00edba (UFPB) decretaram na manh\u00e3 desta ter\u00e7a-feira (26), uma paralisa\u00e7\u00e3o de 48h contra a reforma administrativa do governo Bolsonaro. A greve do&nbsp;Sindicato Dos Trabalhadores em Ensino Superior do Estado da Para\u00edba come\u00e7ou na manh\u00e3 desta ter\u00e7a, com um caf\u00e9 da manh\u00e3 e panfletagem na entrada do Centro de Ci\u00eancias Humanas Letras e Artes (CCHLA) da UFPB.&nbsp;<\/p>\n\n\n\n<p>Foram distribu\u00eddos panfletos e interven\u00e7\u00f5es com carro de som.&nbsp;Nesta ter\u00e7a&nbsp;acontece ainda uma plen\u00e1ria, a partir das 14h, para discutir a organiza\u00e7\u00e3o de um F\u00f3rum Estadual em Defesa do Servi\u00e7o P\u00fablico, com palestra do professor do Departamento de Servi\u00e7o Social e diretor da Associa\u00e7\u00e3o dos Docentes da Universidade Federal da Para\u00edba (Adufpb), Marcelo Siticovski, sobre a Reforma Adminstrativa.<br><\/p>\n\n\n\n<p>A ades\u00e3o \u00e0 paralisa\u00e7\u00e3o nacional foi aprovada em Assembleia Geral realizada na quinta-feira (21).&nbsp;A greve de 48h foi convocada pela dire\u00e7\u00e3o nacional da Federa\u00e7\u00e3o dos Sindicatos de Trabalhadores T\u00e9cnico-administrativos em Institui\u00e7\u00f5es de Ensino Superior P\u00fablicas do Brasil (Fasubra).<\/p>\n\n\n\n<p>A programa\u00e7\u00e3o continua nesta quarta-feira (27) com panfletagem no Hospital Universit\u00e1rio Lauro Wanderley.<\/p>\n","protected":false},"excerpt":{"rendered":"<p>Os servidores da Universidade Federal da Para\u00edba (UFPB) decretaram na manh\u00e3 desta ter\u00e7a-feira (26), uma paralisa\u00e7\u00e3o de 48h contra a reforma administrativa do governo Bolsonaro.&hellip; <\/p>\n","protected":false},"author":1,"featured_media":115604,"comment_status":"closed","ping_status":"closed","sticky":false,"template":"","format":"standard","meta":{"sfsi_plus_gutenberg_text_before_share":"","sfsi_plus_gutenberg_show_text_before_share":"","sfsi_plus_gutenberg_icon_type":"","sfsi_plus_gutenberg_icon_alignemt":"","sfsi_plus_gutenburg_max_per_row":"","footnotes":""},"categories":[2],"tags":[],"class_list":["post-137976","post","type-post","status-publish","format-standard","has-post-thumbnail","hentry","category-geral"],"_links":{"self":[{"href":"https:\/\/www.caririemacao.com\/1\/wp-json\/wp\/v2\/posts\/137976","targetHints":{"allow":["GET"]}}],"collection":[{"href":"https:\/\/www.caririemacao.com\/1\/wp-json\/wp\/v2\/posts"}],"about":[{"href":"https:\/\/www.caririemacao.com\/1\/wp-json\/wp\/v2\/types\/post"}],"author":[{"embeddable":true,"href":"https:\/\/www.caririemacao.com\/1\/wp-json\/wp\/v2\/users\/1"}],"replies":[{"embeddable":true,"href":"https:\/\/www.caririemacao.com\/1\/wp-json\/wp\/v2\/comments?post=137976"}],"version-history":[{"count":1,"href":"https:\/\/www.caririemacao.com\/1\/wp-json\/wp\/v2\/posts\/137976\/revisions"}],"predecessor-version":[{"id":137977,"href":"https:\/\/www.caririemacao.com\/1\/wp-json\/wp\/v2\/posts\/137976\/revisions\/137977"}],"wp:featuredmedia":[{"embeddable":true,"href":"https:\/\/www.caririemacao.com\/1\/wp-json\/wp\/v2\/media\/115604"}],"wp:attachment":[{"href":"https:\/\/www.caririemacao.com\/1\/wp-json\/wp\/v2\/media?parent=137976"}],"wp:term":[{"taxonomy":"category","embeddable":true,"href":"https:\/\/www.caririemacao.com\/1\/wp-json\/wp\/v2\/categories?post=137976"},{"taxonomy":"post_tag","embeddable":true,"href":"https:\/\/www.caririemacao.com\/1\/wp-json\/wp\/v2\/tags?post=137976"}],"curies":[{"name":"wp","href":"https:\/\/api.w.org\/{rel}","templated":true}]}}