{"id":137981,"date":"2019-11-26T13:24:14","date_gmt":"2019-11-26T16:24:14","guid":{"rendered":"http:\/\/www.caririemacao.com\/1\/?p=137981"},"modified":"2019-11-26T13:24:14","modified_gmt":"2019-11-26T16:24:14","slug":"bolsonaro-evita-ai-5-e-diz-que-guedes-e-responsavel-pela-economia","status":"publish","type":"post","link":"https:\/\/www.caririemacao.com\/1\/2019\/11\/26\/bolsonaro-evita-ai-5-e-diz-que-guedes-e-responsavel-pela-economia\/","title":{"rendered":"Bolsonaro evita AI-5 e diz que Guedes \u00e9 respons\u00e1vel pela economia"},"content":{"rendered":"\n<p>Em uma nova pol\u00eamica, desta vez envolvendo o ministro Paulo Guedes, o presidente Jair Bolsonaro n\u00e3o quis comentar nesta ter\u00e7a-feira (26) sobre a defesa de um novo AI-5 no pa\u00eds e ressaltou que o papel do auxiliar presidencial no governo \u00e9 cuidar da pol\u00edtica econ\u00f4mica.<\/p>\n\n\n\n<p>Nos Estados Unidos, onde participou de um encontro de empres\u00e1rios, o ministro afirmou que n\u00e3o \u00e9 poss\u00edvel se assustar com a ideia de algu\u00e9m pedir a reedi\u00e7\u00e3o de medida da ditadura militar diante de uma poss\u00edvel radicaliza\u00e7\u00e3o dos protestos no Brasil.<\/p>\n\n\n\n<p>Na entrada do Pal\u00e1cio do Alvorada, onde cumprimentou um grupo de eleitores, o presidente tergiversou, dizendo que preferia falar sobre o seu novo partido, o Alian\u00e7a pelo Brasil, e n\u00e3o quis comentar a declara\u00e7\u00e3o de Guedes. O n\u00famero da legenda na urna eletr\u00f4nica deve ser o 38.<\/p>\n\n\n\n<p>&#8220;Eu falo de AI-38. Quer falar de AI-38? Eu falo agora contigo. Quer o AI-38? Eu falo agora. Esse \u00e9 meu n\u00famero. Outra pergunta a\u00ed&#8221;, disse.<\/p>\n\n\n\n<p>Editado em 1968, o AI-5 resultou no fechamento imediato do Congresso e no acirramento da censura no pa\u00eds. O deputado federal Eduardo Bolsonaro (PSL-SP) defendeu a iniciativa em novembro. Desautorizado por seu pai, ap\u00f3s repercuss\u00e3o negativa no Legislativo, ele recuou e reconheceu que foi infeliz.<\/p>\n\n\n\n<p>Apesar de n\u00e3o ter comentado sobre o AI-5, Bolsonaro fez quest\u00e3o de ressaltar, durante conversa na entrada do Pal\u00e1cio do Alvorada, que o ministro cuida da \u00e1rea econ\u00f4mica. No in\u00edcio de seu mandato, o presidente afirmou que entende um pouco mais de pol\u00edtica que Guedes.<\/p>\n\n\n\n<p>&#8220;Agora, a economia, como eu disse, eu sou o t\u00e9cnico de futebol e quem entra em campo s\u00e3o os 22 ministros. \u00c9 o Paulo Guedes quem est\u00e1 jogando na economia&#8221;, disse.<\/p>\n\n\n\n<p>Na mesma fala, o presidente apoiou declara\u00e7\u00e3o de Guedes de que o pa\u00eds deve se acostumar com o elevado patamar do d\u00f3lar, que fechou a segunda-feira (25) em novo recorde nominal de R$ 4,215. Ele disse esperar que o valor da moeda estrangeira caia, mas ponderou que h\u00e1 pontos positivos e negativos em uma cota\u00e7\u00e3o alta.<\/p>\n\n\n\n<p>&#8220;Se ele [Guedes] falou, est\u00e1 falado. Eu espero que caia. Tor\u00e7o, assim como tor\u00e7o que caia a taxa Selic e que aumente nossa credibilidade junto ao mundo&#8221;, afirmou. &#8220;Se voc\u00ea for analisar na ponta da linha, h\u00e1 pr\u00f3s e contras no d\u00f3lar a R$ 4,21, como est\u00e1 agora&#8221;, acrescentou.<\/p>\n\n\n\n<p>Na avalia\u00e7\u00e3o de Guedes, a alta do d\u00f3lar \u00e9 reflexo de uma mudan\u00e7a na pol\u00edtica econ\u00f4mica brasileira, com juros mais baixos e c\u00e2mbio de equil\u00edbrio alto, que ainda n\u00e3o foi compreendida pela maior parte da popula\u00e7\u00e3o.&nbsp;<\/p>\n\n\n\n<p>Segundo o ministro, a principal consequ\u00eancia do c\u00e2mbio flutuante hoje ser\u00e1 o aumento das exporta\u00e7\u00f5es e a queda das importa\u00e7\u00f5es brasileiras. Para Guedes, \u00e9 &#8220;normal&#8221; que pa\u00edses que tenham maior controle fiscal exer\u00e7am uma pol\u00edtica monet\u00e1ria mais frouxa.<\/p>\n\n\n\n<p>O recorde anterior era da segunda-feira passada (18), quando a moeda foi a R$ 4,2070 e superou a marca anterior, de R$ 4,197, no per\u00edodo eleitoral de 2018.<\/p>\n","protected":false},"excerpt":{"rendered":"<p>Em uma nova pol\u00eamica, desta vez envolvendo o ministro Paulo Guedes, o presidente Jair Bolsonaro n\u00e3o quis comentar nesta ter\u00e7a-feira (26) sobre a defesa de&hellip; <\/p>\n","protected":false},"author":1,"featured_media":137982,"comment_status":"closed","ping_status":"closed","sticky":false,"template":"","format":"standard","meta":{"sfsi_plus_gutenberg_text_before_share":"","sfsi_plus_gutenberg_show_text_before_share":"","sfsi_plus_gutenberg_icon_type":"","sfsi_plus_gutenberg_icon_alignemt":"","sfsi_plus_gutenburg_max_per_row":"","footnotes":""},"categories":[11],"tags":[],"class_list":["post-137981","post","type-post","status-publish","format-standard","has-post-thumbnail","hentry","category-politica"],"_links":{"self":[{"href":"https:\/\/www.caririemacao.com\/1\/wp-json\/wp\/v2\/posts\/137981","targetHints":{"allow":["GET"]}}],"collection":[{"href":"https:\/\/www.caririemacao.com\/1\/wp-json\/wp\/v2\/posts"}],"about":[{"href":"https:\/\/www.caririemacao.com\/1\/wp-json\/wp\/v2\/types\/post"}],"author":[{"embeddable":true,"href":"https:\/\/www.caririemacao.com\/1\/wp-json\/wp\/v2\/users\/1"}],"replies":[{"embeddable":true,"href":"https:\/\/www.caririemacao.com\/1\/wp-json\/wp\/v2\/comments?post=137981"}],"version-history":[{"count":1,"href":"https:\/\/www.caririemacao.com\/1\/wp-json\/wp\/v2\/posts\/137981\/revisions"}],"predecessor-version":[{"id":137983,"href":"https:\/\/www.caririemacao.com\/1\/wp-json\/wp\/v2\/posts\/137981\/revisions\/137983"}],"wp:featuredmedia":[{"embeddable":true,"href":"https:\/\/www.caririemacao.com\/1\/wp-json\/wp\/v2\/media\/137982"}],"wp:attachment":[{"href":"https:\/\/www.caririemacao.com\/1\/wp-json\/wp\/v2\/media?parent=137981"}],"wp:term":[{"taxonomy":"category","embeddable":true,"href":"https:\/\/www.caririemacao.com\/1\/wp-json\/wp\/v2\/categories?post=137981"},{"taxonomy":"post_tag","embeddable":true,"href":"https:\/\/www.caririemacao.com\/1\/wp-json\/wp\/v2\/tags?post=137981"}],"curies":[{"name":"wp","href":"https:\/\/api.w.org\/{rel}","templated":true}]}}